{"id":145358,"date":"2026-03-15T05:56:56","date_gmt":"2026-03-15T05:56:56","guid":{"rendered":"https:\/\/planetesport.dz\/?p=145358"},"modified":"2026-03-15T05:56:56","modified_gmt":"2026-03-15T05:56:56","slug":"cfr-cluj-islam-slimani-vers-un-depart-a-la-fin-de-la-saison","status":"publish","type":"post","link":"https:\/\/planetesport.dz\/?p=145358","title":{"rendered":"CFR Cluj : Islam Slimani vers un d\u00e9part \u00e0 la fin de la saison"},"content":{"rendered":"<p>Selon plusieurs rapports m\u00e9diatiques, la direction du club roumain CFR Cluj aurait d\u00e9cid\u00e9 de ne pas prolonger l\u2019attaquant international alg\u00e9rien Islam Slimani \u00e0 l\u2019issue de la saison en cours. L\u2019avant-centre des Verts sera ainsi libre de tout engagement et pourra s\u2019engager avec le club de son choix lors du prochain mercato estival.<\/p>\n<p>Au cours de l\u2019exercice actuel, Islam Slimani a disput\u00e9 15 rencontres avec la formation de CFR Cluj, contribuant \u00e0 trois r\u00e9alisations. \u00c0 noter que le club de Cluj occupe actuellement la quatri\u00e8me place du classement du championnat roumain pour la saison en cours.<\/p>\n<p style=\"text-align: right\">\n<strong>Djamel ABED<\/strong><\/p>\n","protected":false},"excerpt":{"rendered":"<p>Selon plusieurs rapports m\u00e9diatiques, la direction du club roumain CFR Cluj aurait d\u00e9cid\u00e9 de ne pas prolonger l\u2019attaquant international alg\u00e9rien Islam Slimani \u00e0 l\u2019issue de la saison en cours. L\u2019avant-centre des Verts sera ainsi libre de tout engagement et pourra s\u2019engager avec le club de son choix lors du prochain mercato estival. Au cours de &hellip;<\/p>\n","protected":false},"author":3,"featured_media":145413,"comment_status":"closed","ping_status":"closed","sticky":false,"template":"","format":"standard","meta":{"footnotes":""},"categories":[128],"tags":[],"class_list":["post-145358","post","type-post","status-publish","format-standard","has-post-thumbnail","hentry","category-football-etranger"],"_links":{"self":[{"href":"https:\/\/planetesport.dz\/index.php?rest_route=\/wp\/v2\/posts\/145358","targetHints":{"allow":["GET"]}}],"collection":[{"href":"https:\/\/planetesport.dz\/index.php?rest_route=\/wp\/v2\/posts"}],"about":[{"href":"https:\/\/planetesport.dz\/index.php?rest_route=\/wp\/v2\/types\/post"}],"author":[{"embeddable":true,"href":"https:\/\/planetesport.dz\/index.php?rest_route=\/wp\/v2\/users\/3"}],"replies":[{"embeddable":true,"href":"https:\/\/planetesport.dz\/index.php?rest_route=%2Fwp%2Fv2%2Fcomments&post=145358"}],"version-history":[{"count":1,"href":"https:\/\/planetesport.dz\/index.php?rest_route=\/wp\/v2\/posts\/145358\/revisions"}],"predecessor-version":[{"id":145491,"href":"https:\/\/planetesport.dz\/index.php?rest_route=\/wp\/v2\/posts\/145358\/revisions\/145491"}],"wp:featuredmedia":[{"embeddable":true,"href":"https:\/\/planetesport.dz\/index.php?rest_route=\/wp\/v2\/media\/145413"}],"wp:attachment":[{"href":"https:\/\/planetesport.dz\/index.php?rest_route=%2Fwp%2Fv2%2Fmedia&parent=145358"}],"wp:term":[{"taxonomy":"category","embeddable":true,"href":"https:\/\/planetesport.dz\/index.php?rest_route=%2Fwp%2Fv2%2Fcategories&post=145358"},{"taxonomy":"post_tag","embeddable":true,"href":"https:\/\/planetesport.dz\/index.php?rest_route=%2Fwp%2Fv2%2Ftags&post=145358"}],"curies":[{"name":"wp","href":"https:\/\/api.w.org\/{rel}","templated":true}]}}