{"id":145246,"date":"2026-03-14T06:18:46","date_gmt":"2026-03-14T06:18:46","guid":{"rendered":"https:\/\/planetesport.dz\/?p=145246"},"modified":"2026-03-14T06:18:46","modified_gmt":"2026-03-14T06:18:46","slug":"psg-les-lourdes-accusations-de-joan-laporta-sur-dro-fernandez","status":"publish","type":"post","link":"https:\/\/planetesport.dz\/?p=145246","title":{"rendered":"PSG : les lourdes accusations de Joan Laporta sur Dro Fern\u00e1ndez"},"content":{"rendered":"<p><strong>Lanc\u00e9 dans sa campagne pour sa r\u00e9\u00e9lection \u00e0 la pr\u00e9sidence du FC Barcelone, Joan Laporta multiplie les sorties m\u00e9diatiques. Ce vendredi, il a \u00e9t\u00e9 question du d\u00e9part de Dro Fern\u00e1ndez au PSG.<\/strong><\/p>\n<p>Le candidat Joan Laporta ne s\u2019arr\u00eate plus. Depuis plusieurs jours, le pr\u00e9sident du FC Barcelone, candidat \u00e0 sa r\u00e9\u00e9lection, multiplie les sorties m\u00e9diatiques de l\u2019autre c\u00f4t\u00e9 des Pyr\u00e9n\u00e9es. Ce vendredi, il s\u2019est exprim\u00e9 au micro de Jijantes. L\u2019occasion de passer en revue divers sujets. Il a notamment \u00e9t\u00e9 question des travaux pour installer un toit sur le Camp Nou en 2027 ou encore de la fameuse affaire Negreira, dans laquelle son nom est ressorti. \u00abNous esp\u00e9rons que le juge acquittera le Bar\u00e7a et que ceux qui ont calomni\u00e9 le Bar\u00e7a feront face \u00e0 leurs responsabilit\u00e9s. \u00bb Ensuite, le dirigeant espagnol a \u00e9t\u00e9 interrog\u00e9 sur l\u2019effectif actuel et sur le mercato qui pointera le bout de son nez dans quelques semaines. Il a tout d\u2019abord fait un point sur le dossier Marcus Rashford. Un \u00e9l\u00e9ment pr\u00eat\u00e9 par Manchester United. \u00abIl a un niveau de passes d\u00e9cisives et de buts dont nous sommes tr\u00e8s satisfaits. On pourrait prolonger davantage le pr\u00eat, cela d\u00e9pend de ce que veut Deco. Je pense qu\u2019on peut trouver une autre formule, on verra selon les possibilit\u00e9s mais tout le monde est content de lui, il s\u2019est tr\u00e8s bien int\u00e9gr\u00e9, on l\u2019aime beaucoup. Nous verrons.\u00bb Toujours dans le secteur offensif, il a bott\u00e9 en touche concernant la piste Dusan Vlahovic.<\/p>\n<p><strong>Laporta ne dig\u00e8re pas pour Dro au PSG<\/strong><\/p>\n<p>Concernant celle menant \u00e0 Erling Haaland, que son adversaire V\u00edctor Font a promis de recruter si jamais il \u00e9tait \u00e9lu pr\u00e9sident, Joan Laporta a \u00e9t\u00e9 tr\u00e8s bref. \u00ab Font avec Haaland, c\u2019\u00e9tait ridicule. On ne peut pas \u00eatre ridicule \u00e0 ce point, quelques heures apr\u00e8s, son agent a d\u00e9menti. Au lieu de se taire, il continue \u00e0 prof\u00e9rer des mensonges, et c\u2019est \u00e7a tromper les supporters. \u00bb En effet, l\u2019agent du buteur, Rafaela Pimienta, a d\u00e9menti toutes discussions avec Font concernant son client. Enfin, le boss du Bar\u00e7a a eu la langue bien pendue quand il a fallu s\u2019expliquer sur le d\u00e9part de Dro Fern\u00e1ndez au Paris Saint-Germain durant le dernier mercato. Consid\u00e9r\u00e9 comme un grand espoir, il a finalement dit oui aux Parisiens, lui qui a \u00e9t\u00e9 achet\u00e9 8 M\u20ac. \u00ab Le d\u00e9part de Dro, c\u2019est une trahison de la part de son agent (Ivan de la Pe\u00f1a, qui est aussi l\u2019agent de Luis Enrique, ndlr). C\u2019\u00e9tait une honte et un coup de poignard dans le dos. Avec Jorge Mendes, nous avons gard\u00e9 Lamine Yamal et cela ne nous est pas arriv\u00e9 avec \u2018\u2019Lo Pelat\u2018\u2019 (De la Pe\u00f1a), \u00e0 cause de lui Dro est parti au PSG. Si Jorge Mendes avait eu Dro, cela ne se serait pas produit. \u2018\u2019Lo Pelat\u2018\u2019 \u00e9tait un personnage \u00e0 part, de par son pass\u00e9 au Bar\u00e7a, mais il nous a montr\u00e9 son hypocrisie. Nous avons fait une exception et il a commis un acte odieux. Il nous a menti effront\u00e9ment. Heureusement, nous entretenons de bonnes relations avec le PSG et son pr\u00e9sident, que je remercie. La clause lib\u00e9ratoire (de Dro) n\u2019a pas \u00e9t\u00e9 activ\u00e9e. J\u2019avais de la peine pour Hansi (Flick). Il a \u00e9t\u00e9 contrari\u00e9 car il lui a donn\u00e9 des opportunit\u00e9s en \u00e9quipe premi\u00e8re, au d\u00e9triment de joueurs qui le m\u00e9ritaient davantage. \u00bb Le dirigeant ne dig\u00e8re toujours pas le d\u00e9part du talent de 18 ans \u00e0 Paris, qui entache le bilan du candidat Laporta. Peut-on lire sur le site footmercato.net.<\/p>\n","protected":false},"excerpt":{"rendered":"<p>Lanc\u00e9 dans sa campagne pour sa r\u00e9\u00e9lection \u00e0 la pr\u00e9sidence du FC Barcelone, Joan Laporta multiplie les sorties m\u00e9diatiques. Ce vendredi, il a \u00e9t\u00e9 question du d\u00e9part de Dro Fern\u00e1ndez au PSG. Le candidat Joan Laporta ne s\u2019arr\u00eate plus. Depuis plusieurs jours, le pr\u00e9sident du FC Barcelone, candidat \u00e0 sa r\u00e9\u00e9lection, multiplie les sorties m\u00e9diatiques &hellip;<\/p>\n","protected":false},"author":3,"featured_media":145266,"comment_status":"closed","ping_status":"closed","sticky":false,"template":"","format":"standard","meta":{"footnotes":""},"categories":[128],"tags":[],"class_list":["post-145246","post","type-post","status-publish","format-standard","has-post-thumbnail","hentry","category-football-etranger"],"_links":{"self":[{"href":"https:\/\/planetesport.dz\/index.php?rest_route=\/wp\/v2\/posts\/145246","targetHints":{"allow":["GET"]}}],"collection":[{"href":"https:\/\/planetesport.dz\/index.php?rest_route=\/wp\/v2\/posts"}],"about":[{"href":"https:\/\/planetesport.dz\/index.php?rest_route=\/wp\/v2\/types\/post"}],"author":[{"embeddable":true,"href":"https:\/\/planetesport.dz\/index.php?rest_route=\/wp\/v2\/users\/3"}],"replies":[{"embeddable":true,"href":"https:\/\/planetesport.dz\/index.php?rest_route=%2Fwp%2Fv2%2Fcomments&post=145246"}],"version-history":[{"count":1,"href":"https:\/\/planetesport.dz\/index.php?rest_route=\/wp\/v2\/posts\/145246\/revisions"}],"predecessor-version":[{"id":145307,"href":"https:\/\/planetesport.dz\/index.php?rest_route=\/wp\/v2\/posts\/145246\/revisions\/145307"}],"wp:featuredmedia":[{"embeddable":true,"href":"https:\/\/planetesport.dz\/index.php?rest_route=\/wp\/v2\/media\/145266"}],"wp:attachment":[{"href":"https:\/\/planetesport.dz\/index.php?rest_route=%2Fwp%2Fv2%2Fmedia&parent=145246"}],"wp:term":[{"taxonomy":"category","embeddable":true,"href":"https:\/\/planetesport.dz\/index.php?rest_route=%2Fwp%2Fv2%2Fcategories&post=145246"},{"taxonomy":"post_tag","embeddable":true,"href":"https:\/\/planetesport.dz\/index.php?rest_route=%2Fwp%2Fv2%2Ftags&post=145246"}],"curies":[{"name":"wp","href":"https:\/\/api.w.org\/{rel}","templated":true}]}}