{"id":145195,"date":"2026-03-14T06:15:13","date_gmt":"2026-03-14T06:15:13","guid":{"rendered":"https:\/\/planetesport.dz\/?p=145195"},"modified":"2026-03-14T06:15:13","modified_gmt":"2026-03-14T06:15:13","slug":"zinedine-zidane-attendu-a-turin-pour-algerie-uruguay","status":"publish","type":"post","link":"https:\/\/planetesport.dz\/?p=145195","title":{"rendered":"Zin\u00e9dine Zidane attendu \u00e0 Turin pour Alg\u00e9rie-Uruguay"},"content":{"rendered":"<p><strong>Figure embl\u00e9matique du football mondial, Zin\u00e9dine Zidane devrait prochainement faire son retour devant le public de Turin, mais cette fois dans un r\u00f4le symbolique. L\u2019ancien meneur de jeu serait invit\u00e9 \u00e0 donner le coup d\u2019envoi du match amical qui opposera l\u2019Alg\u00e9rie \u00e0 l\u2019Uruguay, le 31 mars prochain.<\/strong><\/p>\n<p>D\u2019apr\u00e8s des informations, l\u2019ancien international fran\u00e7ais devrait \u00eatre honor\u00e9 \u00e0 Turin \u00e0 l\u2019occasion de cette rencontre amicale. La ville italienne occupe une place particuli\u00e8re dans son parcours, puisqu\u2019il y a brill\u00e9 sous les couleurs de la Juventus FC entre 1996 et 2001.<\/p>\n<p><strong>Un lien particulier avec l\u2019Alg\u00e9rie<\/strong><br \/>\nLa pr\u00e9sence de Zidane \u00e0 cette rencontre ne serait pas anodine. L\u2019ancien joueur a toujours revendiqu\u00e9 son attachement \u00e0 l\u2019Alg\u00e9rie, pays d\u2019origine de ses parents. Ce lien s\u2019est encore renforc\u00e9 r\u00e9cemment avec la carri\u00e8re internationale de son fils Luca Zidane, qui \u00e9volue d\u00e9sormais avec la s\u00e9lection alg\u00e9rienne.<br \/>\nLors de la Coupe d\u2019Afrique des nations 2025 organis\u00e9e au Maroc, Zidane avait d\u00e9j\u00e0 \u00e9t\u00e9 aper\u00e7u dans les tribunes pour soutenir les Verts.<\/p>\n<p style=\"text-align: right\"><strong>Djamel ABED<\/strong><\/p>\n","protected":false},"excerpt":{"rendered":"<p>Figure embl\u00e9matique du football mondial, Zin\u00e9dine Zidane devrait prochainement faire son retour devant le public de Turin, mais cette fois dans un r\u00f4le symbolique. L\u2019ancien meneur de jeu serait invit\u00e9 \u00e0 donner le coup d\u2019envoi du match amical qui opposera l\u2019Alg\u00e9rie \u00e0 l\u2019Uruguay, le 31 mars prochain. D\u2019apr\u00e8s des informations, l\u2019ancien international fran\u00e7ais devrait \u00eatre &hellip;<\/p>\n","protected":false},"author":3,"featured_media":145240,"comment_status":"closed","ping_status":"closed","sticky":false,"template":"","format":"standard","meta":{"footnotes":""},"categories":[169,127],"tags":[],"class_list":["post-145195","post","type-post","status-publish","format-standard","has-post-thumbnail","hentry","category-equipe-nationale-football","category-football-algerien"],"_links":{"self":[{"href":"https:\/\/planetesport.dz\/index.php?rest_route=\/wp\/v2\/posts\/145195","targetHints":{"allow":["GET"]}}],"collection":[{"href":"https:\/\/planetesport.dz\/index.php?rest_route=\/wp\/v2\/posts"}],"about":[{"href":"https:\/\/planetesport.dz\/index.php?rest_route=\/wp\/v2\/types\/post"}],"author":[{"embeddable":true,"href":"https:\/\/planetesport.dz\/index.php?rest_route=\/wp\/v2\/users\/3"}],"replies":[{"embeddable":true,"href":"https:\/\/planetesport.dz\/index.php?rest_route=%2Fwp%2Fv2%2Fcomments&post=145195"}],"version-history":[{"count":1,"href":"https:\/\/planetesport.dz\/index.php?rest_route=\/wp\/v2\/posts\/145195\/revisions"}],"predecessor-version":[{"id":145303,"href":"https:\/\/planetesport.dz\/index.php?rest_route=\/wp\/v2\/posts\/145195\/revisions\/145303"}],"wp:featuredmedia":[{"embeddable":true,"href":"https:\/\/planetesport.dz\/index.php?rest_route=\/wp\/v2\/media\/145240"}],"wp:attachment":[{"href":"https:\/\/planetesport.dz\/index.php?rest_route=%2Fwp%2Fv2%2Fmedia&parent=145195"}],"wp:term":[{"taxonomy":"category","embeddable":true,"href":"https:\/\/planetesport.dz\/index.php?rest_route=%2Fwp%2Fv2%2Fcategories&post=145195"},{"taxonomy":"post_tag","embeddable":true,"href":"https:\/\/planetesport.dz\/index.php?rest_route=%2Fwp%2Fv2%2Ftags&post=145195"}],"curies":[{"name":"wp","href":"https:\/\/api.w.org\/{rel}","templated":true}]}}