{"id":145194,"date":"2026-03-14T06:15:13","date_gmt":"2026-03-14T06:15:13","guid":{"rendered":"https:\/\/planetesport.dz\/?p=145194"},"modified":"2026-03-14T06:15:13","modified_gmt":"2026-03-14T06:15:13","slug":"monsef-bakrar-je-peux-etre-au-mondial","status":"publish","type":"post","link":"https:\/\/planetesport.dz\/?p=145194","title":{"rendered":"Monsef Bakrar\u00a0: \u00ab Je peux \u00eatre au Mondial \u00bb"},"content":{"rendered":"<p>L\u2019international alg\u00e9rien, Monsef Bakrar, se dit pr\u00eat \u00e0 retrouver la s\u00e9lection nationale et esp\u00e8re prendre part \u00e0 la prochaine Coupe du monde de football 2026 avec les Verts. Dans un entretien accord\u00e9 au m\u00e9dia croate Sata 24, l\u2019attaquant du GNK Dinamo Zagreb est revenu sur sa premi\u00e8re saison r\u00e9ussie en Croatie. Le joueur a reconnu qu\u2019il ne s\u2019attendait pas \u00e0 afficher de telles statistiques, surtout apr\u00e8s la p\u00e9riode compliqu\u00e9e qu\u2019il avait travers\u00e9e lors de son passage au New York City FC. \u00ab Lorsque je suis arriv\u00e9 ici, mon objectif \u00e9tait simplement d\u2019aider l\u2019\u00e9quipe \u00e0 obtenir des r\u00e9sultats positifs. Je ne pensais pas inscrire autant de buts \u00bb, a confi\u00e9 l\u2019ancien joueur de l\u2019ES S\u00e9tif. D\u00e9sormais en pleine confiance, Monsef Bakrar estime que sa forme actuelle pourrait lui ouvrir \u00e0 nouveau les portes de la s\u00e9lection nationale. \u00ab Aujourd\u2019hui, je me sens au meilleur de ma forme et je pense pouvoir figurer dans le groupe pour la prochaine Coupe du monde \u00bb, a-t-il ajout\u00e9. L\u2019attaquant alg\u00e9rien consid\u00e8re que ses performances et ses statistiques cette saison dans le championnat croate pourraient renforcer ses chances de retrouver les Verts. Sa derni\u00e8re participation avec la s\u00e9lection, lors de la Coupe d\u2019Afrique des nations 2025, n\u2019avait pas \u00e9t\u00e9 \u00e0 la hauteur de ses attentes, notamment lors de la rencontre disput\u00e9e face \u00e0 la Guin\u00e9e \u00e9quatoriale.<\/p>\n<p style=\"text-align: right\">\n<strong>Djamel ABED<\/strong><\/p>\n","protected":false},"excerpt":{"rendered":"<p>L\u2019international alg\u00e9rien, Monsef Bakrar, se dit pr\u00eat \u00e0 retrouver la s\u00e9lection nationale et esp\u00e8re prendre part \u00e0 la prochaine Coupe du monde de football 2026 avec les Verts. Dans un entretien accord\u00e9 au m\u00e9dia croate Sata 24, l\u2019attaquant du GNK Dinamo Zagreb est revenu sur sa premi\u00e8re saison r\u00e9ussie en Croatie. Le joueur a reconnu &hellip;<\/p>\n","protected":false},"author":3,"featured_media":145238,"comment_status":"closed","ping_status":"closed","sticky":false,"template":"","format":"standard","meta":{"footnotes":""},"categories":[169,127],"tags":[],"class_list":["post-145194","post","type-post","status-publish","format-standard","has-post-thumbnail","hentry","category-equipe-nationale-football","category-football-algerien"],"_links":{"self":[{"href":"https:\/\/planetesport.dz\/index.php?rest_route=\/wp\/v2\/posts\/145194","targetHints":{"allow":["GET"]}}],"collection":[{"href":"https:\/\/planetesport.dz\/index.php?rest_route=\/wp\/v2\/posts"}],"about":[{"href":"https:\/\/planetesport.dz\/index.php?rest_route=\/wp\/v2\/types\/post"}],"author":[{"embeddable":true,"href":"https:\/\/planetesport.dz\/index.php?rest_route=\/wp\/v2\/users\/3"}],"replies":[{"embeddable":true,"href":"https:\/\/planetesport.dz\/index.php?rest_route=%2Fwp%2Fv2%2Fcomments&post=145194"}],"version-history":[{"count":1,"href":"https:\/\/planetesport.dz\/index.php?rest_route=\/wp\/v2\/posts\/145194\/revisions"}],"predecessor-version":[{"id":145302,"href":"https:\/\/planetesport.dz\/index.php?rest_route=\/wp\/v2\/posts\/145194\/revisions\/145302"}],"wp:featuredmedia":[{"embeddable":true,"href":"https:\/\/planetesport.dz\/index.php?rest_route=\/wp\/v2\/media\/145238"}],"wp:attachment":[{"href":"https:\/\/planetesport.dz\/index.php?rest_route=%2Fwp%2Fv2%2Fmedia&parent=145194"}],"wp:term":[{"taxonomy":"category","embeddable":true,"href":"https:\/\/planetesport.dz\/index.php?rest_route=%2Fwp%2Fv2%2Fcategories&post=145194"},{"taxonomy":"post_tag","embeddable":true,"href":"https:\/\/planetesport.dz\/index.php?rest_route=%2Fwp%2Fv2%2Ftags&post=145194"}],"curies":[{"name":"wp","href":"https:\/\/api.w.org\/{rel}","templated":true}]}}