{"id":145193,"date":"2026-03-14T06:15:12","date_gmt":"2026-03-14T06:15:12","guid":{"rendered":"https:\/\/planetesport.dz\/?p=145193"},"modified":"2026-03-14T06:15:12","modified_gmt":"2026-03-14T06:15:12","slug":"kevin-guitoun-je-me-donne-les-moyens-pour-revenir-en-selection","status":"publish","type":"post","link":"https:\/\/planetesport.dz\/?p=145193","title":{"rendered":"Kevin Guitoun : \u00ab Je me donne les moyens pour revenir en s\u00e9lection \u00bb"},"content":{"rendered":"<p>Le d\u00e9fenseur du Sporting Charleroi, Kevin Guitoun, affiche clairement ses ambitions de retrouver la s\u00e9lection nationale et esp\u00e9rer participer \u00e0 la prochaine Coupe du monde de football 2026. Le lat\u00e9ral droit r\u00e9alise une excellente saison en Belgique. Pr\u00eat\u00e9 par le FC Metz au club carolo, il encha\u00eene les apparitions et retrouve de la continuit\u00e9 apr\u00e8s un exercice pr\u00e9c\u00e9dent plus compliqu\u00e9. Dans quelques jours, le s\u00e9lectionneur national Vladimir Petkovi\u0107 d\u00e9voilera la liste des joueurs retenus pour le prochain stage de pr\u00e9paration et les matchs amicaux pr\u00e9vus en mars contre le Guatemala et l\u2019Uruguay. Une annonce que Van Den Kerkhof suivra avec une attention particuli\u00e8re. \u00ab Je joue r\u00e9guli\u00e8rement et je r\u00e9alise une bonne saison. Mon objectif en rejoignant Charleroi \u00e9tait de retrouver du temps de jeu, surtout apr\u00e8s une ann\u00e9e difficile avec Metz. Aujourd\u2019hui je me sens performant et j\u2019esp\u00e8re que cela me permettra de retrouver la s\u00e9lection, d\u2019autant plus que la Coupe du monde approche \u00bb, a-t-il confi\u00e9.<\/p>\n<p>Cependant, une blessure survenue \u00e0 la fin de l\u2019automne dernier avait frein\u00e9 son \u00e9lan et l\u2019avait priv\u00e9 de la possibilit\u00e9 de postuler pour une place dans l\u2019effectif appel\u00e9 \u00e0 disputer la Coupe d\u2019Afrique des nations. \u00ab Je me suis bless\u00e9 juste avant la CAN. Je ne sais pas si j\u2019aurais \u00e9t\u00e9 retenu, mais cette blessure m\u2019a emp\u00each\u00e9 de me battre pour une place. Il y aura un rassemblement \u00e0 la fin du mois de mars et j\u2019esp\u00e8re en faire partie. Si je suis appel\u00e9, je donnerai tout pour convaincre \u00bb, a-t-il ajout\u00e9.<\/p>\n<p style=\"text-align: right\"><strong>Djamel ABED<\/strong><\/p>\n<p>&nbsp;<\/p>\n","protected":false},"excerpt":{"rendered":"<p>Le d\u00e9fenseur du Sporting Charleroi, Kevin Guitoun, affiche clairement ses ambitions de retrouver la s\u00e9lection nationale et esp\u00e9rer participer \u00e0 la prochaine Coupe du monde de football 2026. Le lat\u00e9ral droit r\u00e9alise une excellente saison en Belgique. Pr\u00eat\u00e9 par le FC Metz au club carolo, il encha\u00eene les apparitions et retrouve de la continuit\u00e9 apr\u00e8s &hellip;<\/p>\n","protected":false},"author":3,"featured_media":145239,"comment_status":"closed","ping_status":"closed","sticky":false,"template":"","format":"standard","meta":{"footnotes":""},"categories":[128],"tags":[],"class_list":["post-145193","post","type-post","status-publish","format-standard","has-post-thumbnail","hentry","category-football-etranger"],"_links":{"self":[{"href":"https:\/\/planetesport.dz\/index.php?rest_route=\/wp\/v2\/posts\/145193","targetHints":{"allow":["GET"]}}],"collection":[{"href":"https:\/\/planetesport.dz\/index.php?rest_route=\/wp\/v2\/posts"}],"about":[{"href":"https:\/\/planetesport.dz\/index.php?rest_route=\/wp\/v2\/types\/post"}],"author":[{"embeddable":true,"href":"https:\/\/planetesport.dz\/index.php?rest_route=\/wp\/v2\/users\/3"}],"replies":[{"embeddable":true,"href":"https:\/\/planetesport.dz\/index.php?rest_route=%2Fwp%2Fv2%2Fcomments&post=145193"}],"version-history":[{"count":1,"href":"https:\/\/planetesport.dz\/index.php?rest_route=\/wp\/v2\/posts\/145193\/revisions"}],"predecessor-version":[{"id":145301,"href":"https:\/\/planetesport.dz\/index.php?rest_route=\/wp\/v2\/posts\/145193\/revisions\/145301"}],"wp:featuredmedia":[{"embeddable":true,"href":"https:\/\/planetesport.dz\/index.php?rest_route=\/wp\/v2\/media\/145239"}],"wp:attachment":[{"href":"https:\/\/planetesport.dz\/index.php?rest_route=%2Fwp%2Fv2%2Fmedia&parent=145193"}],"wp:term":[{"taxonomy":"category","embeddable":true,"href":"https:\/\/planetesport.dz\/index.php?rest_route=%2Fwp%2Fv2%2Fcategories&post=145193"},{"taxonomy":"post_tag","embeddable":true,"href":"https:\/\/planetesport.dz\/index.php?rest_route=%2Fwp%2Fv2%2Ftags&post=145193"}],"curies":[{"name":"wp","href":"https:\/\/api.w.org\/{rel}","templated":true}]}}