{"id":145189,"date":"2026-03-14T06:15:05","date_gmt":"2026-03-14T06:15:05","guid":{"rendered":"https:\/\/planetesport.dz\/?p=145189"},"modified":"2026-03-14T06:15:05","modified_gmt":"2026-03-14T06:15:05","slug":"benayad-prendre-une-option-des-ce-match-aller","status":"publish","type":"post","link":"https:\/\/planetesport.dz\/?p=145189","title":{"rendered":"Benayad : \u00ab Prendre une option d\u00e8s\u00a0 ce match aller \u00bb"},"content":{"rendered":"<p>Accost\u00e9 dans le hall de l\u2019a\u00e9roport international Houari-Boumediene juste avant le d\u00e9placement de la d\u00e9l\u00e9gation alg\u00e9roise \u00e0 Lubumbashi pour disputer le quart de finale aller de la Coupe de la CAF, l\u2019attaquant Riad Benayad s\u2019est exprim\u00e9 sur les difficult\u00e9s qui attendent son \u00e9quipe face \u00e0 l\u2019AS Union Maniema, tout en affichant sa d\u00e9termination \u00e0 ramener un r\u00e9sultat positif. Conscient du d\u00e9fi qui attend les Rouge et Noir, Benayad a reconnu que cette rencontre se d\u00e9roulera dans des conditions particuli\u00e8res, notamment en raison du mois de Ramadhan et des conditions climatiques. \u00ab Ce match aller des quarts de finale de la Coupe de la CAF s&rsquo;annonce difficile pour nous car nous l&rsquo;abordons dans des conditions sp\u00e9ciales. Nous jouerons en plein apr\u00e8s-midi durant le mois de Ramadhan, ce qui ne sera pas facile pour n&rsquo;importe quel joueur. En plus du je\u00fbne, il y aura les conditions climatiques, mais nous n&rsquo;avons pas un autre choix que de nous adapter \u00bb, a d\u00e9clar\u00e9 le joueur form\u00e9 au Paradou AC et pass\u00e9 par l\u2019ES Setif, le Raja Casablanca et l\u2019ES Tunis.<\/p>\n<p>Malgr\u00e9 ces contraintes, l\u2019avant-centre des usmistes assure que son \u00e9quipe est pr\u00eate \u00e0 faire le maximum pour bien n\u00e9gocier cette premi\u00e8re manche loin de ses bases. \u00ab Nous ferons de notre mieux pour n\u00e9gocier cette sortie du mieux possible avant de recevoir notre adversaire chez nous \u00e0 Alger. Nous d\u00e9fendrons nos chances \u00e0 fond. Nous donnerons le meilleur de nous-m\u00eames tout en esp\u00e9rant que nos efforts seront bien r\u00e9compens\u00e9s \u00bb, a-t-il affirm\u00e9. Benayad a \u00e9galement mis en avant l\u2019exp\u00e9rience de son \u00e9quipe dans ce type de rendez-vous continentaux, estimant que cela pourrait faire la diff\u00e9rence. \u00ab Nous disposons de l&rsquo;exp\u00e9rience n\u00e9cessaire pour d\u00e9crocher un r\u00e9sultat positif. Nous avons envie de prendre une option. Tous ensemble, nous ferons tout pour avoir le dernier mot et atteindre l&rsquo;objectif trac\u00e9 \u00bb, a-t-il conclu. Les Rouge et Noir esp\u00e8rent ainsi r\u00e9ussir un bon r\u00e9sultat \u00e0 Lubumbashi afin d\u2019aborder le match retour \u00e0 Alger dimanche prochain avec davantage de s\u00e9r\u00e9nit\u00e9 et continuer leur parcours dans la comp\u00e9tition continentale.<\/p>\n<p style=\"text-align: right\">\n<strong>Nassim A.<\/strong><\/p>\n","protected":false},"excerpt":{"rendered":"<p>Accost\u00e9 dans le hall de l\u2019a\u00e9roport international Houari-Boumediene juste avant le d\u00e9placement de la d\u00e9l\u00e9gation alg\u00e9roise \u00e0 Lubumbashi pour disputer le quart de finale aller de la Coupe de la CAF, l\u2019attaquant Riad Benayad s\u2019est exprim\u00e9 sur les difficult\u00e9s qui attendent son \u00e9quipe face \u00e0 l\u2019AS Union Maniema, tout en affichant sa d\u00e9termination \u00e0 ramener &hellip;<\/p>\n","protected":false},"author":3,"featured_media":145234,"comment_status":"closed","ping_status":"closed","sticky":false,"template":"","format":"standard","meta":{"footnotes":""},"categories":[127],"tags":[],"class_list":["post-145189","post","type-post","status-publish","format-standard","has-post-thumbnail","hentry","category-football-algerien"],"_links":{"self":[{"href":"https:\/\/planetesport.dz\/index.php?rest_route=\/wp\/v2\/posts\/145189","targetHints":{"allow":["GET"]}}],"collection":[{"href":"https:\/\/planetesport.dz\/index.php?rest_route=\/wp\/v2\/posts"}],"about":[{"href":"https:\/\/planetesport.dz\/index.php?rest_route=\/wp\/v2\/types\/post"}],"author":[{"embeddable":true,"href":"https:\/\/planetesport.dz\/index.php?rest_route=\/wp\/v2\/users\/3"}],"replies":[{"embeddable":true,"href":"https:\/\/planetesport.dz\/index.php?rest_route=%2Fwp%2Fv2%2Fcomments&post=145189"}],"version-history":[{"count":1,"href":"https:\/\/planetesport.dz\/index.php?rest_route=\/wp\/v2\/posts\/145189\/revisions"}],"predecessor-version":[{"id":145298,"href":"https:\/\/planetesport.dz\/index.php?rest_route=\/wp\/v2\/posts\/145189\/revisions\/145298"}],"wp:featuredmedia":[{"embeddable":true,"href":"https:\/\/planetesport.dz\/index.php?rest_route=\/wp\/v2\/media\/145234"}],"wp:attachment":[{"href":"https:\/\/planetesport.dz\/index.php?rest_route=%2Fwp%2Fv2%2Fmedia&parent=145189"}],"wp:term":[{"taxonomy":"category","embeddable":true,"href":"https:\/\/planetesport.dz\/index.php?rest_route=%2Fwp%2Fv2%2Fcategories&post=145189"},{"taxonomy":"post_tag","embeddable":true,"href":"https:\/\/planetesport.dz\/index.php?rest_route=%2Fwp%2Fv2%2Ftags&post=145189"}],"curies":[{"name":"wp","href":"https:\/\/api.w.org\/{rel}","templated":true}]}}