{"id":145067,"date":"2026-03-12T15:16:55","date_gmt":"2026-03-12T15:16:55","guid":{"rendered":"https:\/\/planetesport.dz\/?p=145067"},"modified":"2026-03-12T15:16:55","modified_gmt":"2026-03-12T15:16:55","slug":"liverpool-la-hierarchie-des-contrats-revelee","status":"publish","type":"post","link":"https:\/\/planetesport.dz\/?p=145067","title":{"rendered":"Liverpool : la hi\u00e9rarchie des contrats r\u00e9v\u00e9l\u00e9e"},"content":{"rendered":"<p style=\"font-weight: 400\">L\u2019avenir d\u2019Alexis Mac Allister \u00e0 Liverpool fait l\u2019objet d\u2019une intense sp\u00e9culation depuis quelques jours. Fabrizio Romano, le sp\u00e9cialiste des transferts, apporte quelques \u00e9claircissements concernant ce dossier.<\/p>\n<p style=\"font-weight: 400\">Alexis Mac Allister pourrait quitter Liverpool l\u2019\u00e9t\u00e9 prochain. Ces derniers jours, des rumeurs ont fait \u00e9tat d\u2019un possible transfert de l\u2019international argentin malgr\u00e9 ses deux ans de contrat restant \u00e0 courir. Fabrizio Romano, le journaliste sp\u00e9cialiste du mercato, a apport\u00e9 quelques pr\u00e9cisions sur la situation du joueur : L\u2019Italien a d\u00e9clar\u00e9 sur sa cha\u00eene YouTube : \u00ab Le fait est que Liverpool proc\u00e8de \u00e9tape par \u00e9tape concernant le contrat. Ils discutent avec Ibrahima Konat\u00e9, mais pour le moment aucun accord d\u00e9finitif n\u2019a encore \u00e9t\u00e9 trouv\u00e9 \u00bb, a-t-il pr\u00e9cis\u00e9.<\/p>\n<p style=\"font-weight: 400\"><strong>La m\u00e9thode \u00ab \u00e9tape par \u00e9tape \u00bb de Richard Hughes<\/strong><\/p>\n<p style=\"font-weight: 400\">Et d\u2019encha\u00eener ensuite : \u00ab Comme je l\u2019ai indiqu\u00e9, ils sont en discussion avec Dominik Szoboszlai. Ils ont prolong\u00e9 le contrat de Ryan Gravenberch il y a quelques jours, un nouveau contrat \u00e0 des conditions avantageuses. Liverpool proc\u00e8de donc \u00e9tape par \u00e9tape concernant les contrats. Pour l\u2019instant, avec Mac Allister, rien n\u2019est imminent, rien de concret. Mac Allister est au courant de l\u2019int\u00e9r\u00eat de Liverpool pour l\u2019ouverture de n\u00e9gociations dans les prochains mois, mais pour le moment rien de concret, rien d\u2019avanc\u00e9, et voil\u00e0 o\u00f9 nous en sommes \u00bb, a-t-il conclu.<\/p>\n<p style=\"font-weight: 400\">Ce qui ressort le plus de ces pr\u00e9cisions, c\u2019est la nette disparit\u00e9 dans le degr\u00e9 d\u2019urgence entre les diff\u00e9rents acteurs du milieu de terrain indique Rousing Kop. En prolongeant d\u2019ores et d\u00e9j\u00e0 le contrat de Ryan Gravenberch, Liverpool a clairement indiqu\u00e9 son importance au sein du projet. Cela laisse penser qu\u2019aux yeux des d\u00e9cideurs, Gravenberch est actuellement la priorit\u00e9 absolue, ou du moins que son potentiel \u00e0 long terme est mieux per\u00e7u sous la direction de Slot. \u00c0 l\u2019instar de Dominik Szoboszlai, sa forme exceptionnelle, qui lui a valu le titre de \u00ab\u00a0Joueur de la Saison\u00a0\u00bb, fait de sa prolongation de contrat une priorit\u00e9 absolue. Le fait que les discussions avec l\u2019Argentin soient d\u00e9crites comme \u00ab rien d\u2019imminent \u00bb ou \u00ab avanc\u00e9es \u00bb met en \u00e9vidence un d\u00e9calage surprenant. Pour un joueur consid\u00e9r\u00e9 comme le c\u0153ur incontest\u00e9 de la transition post-Klopp, le fait d\u2019\u00eatre plac\u00e9 plus bas dans la hi\u00e9rarchie que Gravenberch en dit long sur le d\u00e9clin que nous avons constat\u00e9 chez Mac Allister, indique le blog d\u00e9di\u00e9 au Liverpool FC. Peut-on lire sur le site mercatofootanglais.com.<\/p>\n","protected":false},"excerpt":{"rendered":"<p>L\u2019avenir d\u2019Alexis Mac Allister \u00e0 Liverpool fait l\u2019objet d\u2019une intense sp\u00e9culation depuis quelques jours. Fabrizio Romano, le sp\u00e9cialiste des transferts, apporte quelques \u00e9claircissements concernant ce dossier. Alexis Mac Allister pourrait quitter Liverpool l\u2019\u00e9t\u00e9 prochain. Ces derniers jours, des rumeurs ont fait \u00e9tat d\u2019un possible transfert de l\u2019international argentin malgr\u00e9 ses deux ans de contrat restant &hellip;<\/p>\n","protected":false},"author":3,"featured_media":145095,"comment_status":"closed","ping_status":"closed","sticky":false,"template":"","format":"standard","meta":{"footnotes":""},"categories":[128],"tags":[],"class_list":["post-145067","post","type-post","status-publish","format-standard","has-post-thumbnail","hentry","category-football-etranger"],"_links":{"self":[{"href":"https:\/\/planetesport.dz\/index.php?rest_route=\/wp\/v2\/posts\/145067","targetHints":{"allow":["GET"]}}],"collection":[{"href":"https:\/\/planetesport.dz\/index.php?rest_route=\/wp\/v2\/posts"}],"about":[{"href":"https:\/\/planetesport.dz\/index.php?rest_route=\/wp\/v2\/types\/post"}],"author":[{"embeddable":true,"href":"https:\/\/planetesport.dz\/index.php?rest_route=\/wp\/v2\/users\/3"}],"replies":[{"embeddable":true,"href":"https:\/\/planetesport.dz\/index.php?rest_route=%2Fwp%2Fv2%2Fcomments&post=145067"}],"version-history":[{"count":1,"href":"https:\/\/planetesport.dz\/index.php?rest_route=\/wp\/v2\/posts\/145067\/revisions"}],"predecessor-version":[{"id":145145,"href":"https:\/\/planetesport.dz\/index.php?rest_route=\/wp\/v2\/posts\/145067\/revisions\/145145"}],"wp:featuredmedia":[{"embeddable":true,"href":"https:\/\/planetesport.dz\/index.php?rest_route=\/wp\/v2\/media\/145095"}],"wp:attachment":[{"href":"https:\/\/planetesport.dz\/index.php?rest_route=%2Fwp%2Fv2%2Fmedia&parent=145067"}],"wp:term":[{"taxonomy":"category","embeddable":true,"href":"https:\/\/planetesport.dz\/index.php?rest_route=%2Fwp%2Fv2%2Fcategories&post=145067"},{"taxonomy":"post_tag","embeddable":true,"href":"https:\/\/planetesport.dz\/index.php?rest_route=%2Fwp%2Fv2%2Ftags&post=145067"}],"curies":[{"name":"wp","href":"https:\/\/api.w.org\/{rel}","templated":true}]}}