{"id":145060,"date":"2026-03-12T15:05:57","date_gmt":"2026-03-12T15:05:57","guid":{"rendered":"https:\/\/planetesport.dz\/?p=145060"},"modified":"2026-03-12T15:05:57","modified_gmt":"2026-03-12T15:05:57","slug":"la-faf-sinteresse-a-un-jeune-gardien-chilien","status":"publish","type":"post","link":"https:\/\/planetesport.dz\/?p=145060","title":{"rendered":"La FAF s\u2019int\u00e9resse \u00e0 un jeune gardien chilien"},"content":{"rendered":"<p style=\"font-weight: 400\">La F\u00e9d\u00e9ration alg\u00e9rienne de football poursuivrait son travail de prospection pour renforcer l\u2019avenir du poste de gardien de but en s\u00e9lection. Malgr\u00e9 l\u2019arriv\u00e9e r\u00e9cente de Luca Zidane, les responsables du football alg\u00e9rien continueraient d\u2019explorer de nouvelles pistes.<\/p>\n<p style=\"font-weight: 400\">Selon des informations relay\u00e9es par le m\u00e9dia chilien <em>FutChile<\/em>, la FAF suivrait avec attention la progression de Thomas Gillier, un jeune portier r\u00e9guli\u00e8rement convoqu\u00e9 avec la s\u00e9lection du Chili depuis le mois de f\u00e9vrier, sans avoir encore disput\u00e9 la moindre minute.<\/p>\n<p style=\"font-weight: 400\">N\u00e9 \u00e0 Las Condes et \u00e2g\u00e9 de 21 ans, le gardien disposerait d\u2019origines alg\u00e9riennes du c\u00f4t\u00e9 paternel, ce qui le rend \u00e9ligible pour repr\u00e9senter l\u2019Alg\u00e9rie. Une situation qui explique l\u2019int\u00e9r\u00eat que lui porterait l\u2019instance dirigeante du football alg\u00e9rien. Le joueur pourrait \u00e9galement pr\u00e9tendre \u00e0 une s\u00e9lection avec la France.<\/p>\n<p style=\"font-weight: 400\">Form\u00e9 au sein du club chilien Universidad Cat\u00f3lica, Gillier est consid\u00e9r\u00e9 comme l\u2019un des jeunes gardiens prometteurs de sa g\u00e9n\u00e9ration. L\u2019\u00e9t\u00e9 dernier, il a \u00e9t\u00e9 recrut\u00e9 par le club italien Bologna FC 1909, avant d\u2019\u00eatre pr\u00eat\u00e9 dans la foul\u00e9e au CF Montr\u00e9al afin d\u2019accumuler du temps de jeu et poursuivre sa progression.<\/p>\n<p style=\"font-weight: 400\">Depuis son arriv\u00e9e en Major League Soccer, le portier de 1,86 m\u00e8tre a d\u00e9j\u00e0 disput\u00e9 11 rencontres avec la formation canadienne.<\/p>\n<p style=\"font-weight: 400\">Alors que la s\u00e9lection alg\u00e9rienne continue de pr\u00e9parer l\u2019avenir dans les cages, le nom de Thomas Gillier pourrait ainsi rejoindre la liste des profils suivis de pr\u00e8s par la FAF dans l\u2019optique de renforcer la concurrence au poste de gardien.<\/p>\n<p style=\"font-weight: 400;text-align: right\"><strong>Djamel ABED<\/strong><\/p>\n","protected":false},"excerpt":{"rendered":"<p>La F\u00e9d\u00e9ration alg\u00e9rienne de football poursuivrait son travail de prospection pour renforcer l\u2019avenir du poste de gardien de but en s\u00e9lection. Malgr\u00e9 l\u2019arriv\u00e9e r\u00e9cente de Luca Zidane, les responsables du football alg\u00e9rien continueraient d\u2019explorer de nouvelles pistes. Selon des informations relay\u00e9es par le m\u00e9dia chilien FutChile, la FAF suivrait avec attention la progression de Thomas &hellip;<\/p>\n","protected":false},"author":3,"featured_media":145092,"comment_status":"closed","ping_status":"closed","sticky":false,"template":"","format":"standard","meta":{"footnotes":""},"categories":[169,127],"tags":[],"class_list":["post-145060","post","type-post","status-publish","format-standard","has-post-thumbnail","hentry","category-equipe-nationale-football","category-football-algerien"],"_links":{"self":[{"href":"https:\/\/planetesport.dz\/index.php?rest_route=\/wp\/v2\/posts\/145060","targetHints":{"allow":["GET"]}}],"collection":[{"href":"https:\/\/planetesport.dz\/index.php?rest_route=\/wp\/v2\/posts"}],"about":[{"href":"https:\/\/planetesport.dz\/index.php?rest_route=\/wp\/v2\/types\/post"}],"author":[{"embeddable":true,"href":"https:\/\/planetesport.dz\/index.php?rest_route=\/wp\/v2\/users\/3"}],"replies":[{"embeddable":true,"href":"https:\/\/planetesport.dz\/index.php?rest_route=%2Fwp%2Fv2%2Fcomments&post=145060"}],"version-history":[{"count":1,"href":"https:\/\/planetesport.dz\/index.php?rest_route=\/wp\/v2\/posts\/145060\/revisions"}],"predecessor-version":[{"id":145139,"href":"https:\/\/planetesport.dz\/index.php?rest_route=\/wp\/v2\/posts\/145060\/revisions\/145139"}],"wp:featuredmedia":[{"embeddable":true,"href":"https:\/\/planetesport.dz\/index.php?rest_route=\/wp\/v2\/media\/145092"}],"wp:attachment":[{"href":"https:\/\/planetesport.dz\/index.php?rest_route=%2Fwp%2Fv2%2Fmedia&parent=145060"}],"wp:term":[{"taxonomy":"category","embeddable":true,"href":"https:\/\/planetesport.dz\/index.php?rest_route=%2Fwp%2Fv2%2Fcategories&post=145060"},{"taxonomy":"post_tag","embeddable":true,"href":"https:\/\/planetesport.dz\/index.php?rest_route=%2Fwp%2Fv2%2Ftags&post=145060"}],"curies":[{"name":"wp","href":"https:\/\/api.w.org\/{rel}","templated":true}]}}