{"id":145059,"date":"2026-03-12T15:05:14","date_gmt":"2026-03-12T15:05:14","guid":{"rendered":"https:\/\/planetesport.dz\/?p=145059"},"modified":"2026-03-12T15:05:14","modified_gmt":"2026-03-12T15:05:14","slug":"adieu-symbolique-pour-trois-cadres-des-verts","status":"publish","type":"post","link":"https:\/\/planetesport.dz\/?p=145059","title":{"rendered":"Adieu symbolique pour trois cadres des Verts"},"content":{"rendered":"<p style=\"font-weight: 400\">La F\u00e9d\u00e9ration alg\u00e9rienne de football (FAF) envisagerait d\u2019organiser une rencontre d\u2019hommage en l\u2019honneur du trio Ra\u00efs M\u2019Bolhi, Islam Slimani et Sofiane Feghouli, apr\u00e8s la Coupe du monde 2026.<\/p>\n<p style=\"font-weight: 400\">Selon des sources m\u00e9diatiques, l\u2019instance f\u00e9d\u00e9rale souhaite rendre hommage aux trois internationaux pour les services rendus au football alg\u00e9rien durant plus d\u2019une d\u00e9cennie. L\u2019id\u00e9e serait d\u2019organiser un match d\u2019adieu symbolique, afin de saluer leur grande contribution aux succ\u00e8s des Verts.<\/p>\n<p style=\"font-weight: 400\">Si Ra\u00efs M\u2019Bolhi a officiellement annonc\u00e9 sa retraite sportive, la situation est diff\u00e9rente pour ses deux anciens co\u00e9quipiers. Islam Slimani \u00e9volue actuellement dans le championnat roumain, tandis que Sofiane Feghouli est sans club depuis la fin de son passage \u00e0 Amanat Baghdad en Irak. Aucun des deux n\u2019a pour l\u2019instant communiqu\u00e9 sur une \u00e9ventuelle retraite internationale.<\/p>\n<p style=\"font-weight: 400\">Toujours selon la m\u00eame source, le projet figurait d\u00e9j\u00e0 parmi les priorit\u00e9s de la FAF, mais l\u2019encha\u00eenement des \u00e9ch\u00e9ances sportives et la densit\u00e9 du calendrier ont retard\u00e9 sa concr\u00e9tisation. L\u2019organisation de cette rencontre serait donc programm\u00e9e apr\u00e8s le Mondial-2026, r\u00e9pondant ainsi au souhait des supporters de voir ces figures embl\u00e9matiques quitter la sc\u00e8ne internationale \u00ab par la grande porte \u00bb.<\/p>\n<p style=\"font-weight: 400\">Le parcours international de M\u2019Bolhi avait d\u00e9but\u00e9 en 2010, \u00e0 la veille de la Coupe du monde en Afrique du Sud, o\u00f9 il s\u2019\u00e9tait illustr\u00e9 face \u00e0 l\u2019Angleterre et aux \u00c9tats-Unis. Slimani et Feghouli avaient, eux, entam\u00e9 leur aventure avec la s\u00e9lection en 2012. Ensemble, ils ont marqu\u00e9 une g\u00e9n\u00e9ration, contribuant aux performances exceptionnelles de l\u2019Alg\u00e9rie sur la sc\u00e8ne continentale et mondiale.<\/p>\n<p style=\"font-weight: 400;text-align: right\"><strong>Djamel ABED<\/strong><\/p>\n<p style=\"font-weight: 400\">\n<p style=\"font-weight: 400\">\n","protected":false},"excerpt":{"rendered":"<p>La F\u00e9d\u00e9ration alg\u00e9rienne de football (FAF) envisagerait d\u2019organiser une rencontre d\u2019hommage en l\u2019honneur du trio Ra\u00efs M\u2019Bolhi, Islam Slimani et Sofiane Feghouli, apr\u00e8s la Coupe du monde 2026. Selon des sources m\u00e9diatiques, l\u2019instance f\u00e9d\u00e9rale souhaite rendre hommage aux trois internationaux pour les services rendus au football alg\u00e9rien durant plus d\u2019une d\u00e9cennie. L\u2019id\u00e9e serait d\u2019organiser un &hellip;<\/p>\n","protected":false},"author":3,"featured_media":0,"comment_status":"closed","ping_status":"closed","sticky":false,"template":"","format":"standard","meta":{"footnotes":""},"categories":[169,127],"tags":[],"class_list":["post-145059","post","type-post","status-publish","format-standard","hentry","category-equipe-nationale-football","category-football-algerien"],"_links":{"self":[{"href":"https:\/\/planetesport.dz\/index.php?rest_route=\/wp\/v2\/posts\/145059","targetHints":{"allow":["GET"]}}],"collection":[{"href":"https:\/\/planetesport.dz\/index.php?rest_route=\/wp\/v2\/posts"}],"about":[{"href":"https:\/\/planetesport.dz\/index.php?rest_route=\/wp\/v2\/types\/post"}],"author":[{"embeddable":true,"href":"https:\/\/planetesport.dz\/index.php?rest_route=\/wp\/v2\/users\/3"}],"replies":[{"embeddable":true,"href":"https:\/\/planetesport.dz\/index.php?rest_route=%2Fwp%2Fv2%2Fcomments&post=145059"}],"version-history":[{"count":1,"href":"https:\/\/planetesport.dz\/index.php?rest_route=\/wp\/v2\/posts\/145059\/revisions"}],"predecessor-version":[{"id":145136,"href":"https:\/\/planetesport.dz\/index.php?rest_route=\/wp\/v2\/posts\/145059\/revisions\/145136"}],"wp:attachment":[{"href":"https:\/\/planetesport.dz\/index.php?rest_route=%2Fwp%2Fv2%2Fmedia&parent=145059"}],"wp:term":[{"taxonomy":"category","embeddable":true,"href":"https:\/\/planetesport.dz\/index.php?rest_route=%2Fwp%2Fv2%2Fcategories&post=145059"},{"taxonomy":"post_tag","embeddable":true,"href":"https:\/\/planetesport.dz\/index.php?rest_route=%2Fwp%2Fv2%2Ftags&post=145059"}],"curies":[{"name":"wp","href":"https:\/\/api.w.org\/{rel}","templated":true}]}}