{"id":145056,"date":"2026-03-12T15:02:53","date_gmt":"2026-03-12T15:02:53","guid":{"rendered":"https:\/\/planetesport.dz\/?p=145056"},"modified":"2026-03-12T15:02:53","modified_gmt":"2026-03-12T15:02:53","slug":"loucif-bien-parti-pour-etre-reconduit-a-gauche","status":"publish","type":"post","link":"https:\/\/planetesport.dz\/?p=145056","title":{"rendered":"Loucif bien parti pour \u00eatre reconduit \u00e0 gauche\u00a0"},"content":{"rendered":"<p style=\"font-weight: 400\">Ha\u00efthem Loucif continue de gagner des points \u00e0 l\u2019USM Alger. Form\u00e9 au Paradou AC, le polyvalent d\u00e9fenseur a endoss\u00e9 un nouveau r\u00f4le dimanche dernier face au CS Constantine en championnat, et sa prestation n\u2019est pas pass\u00e9e inaper\u00e7ue. Habituellement align\u00e9 depuis le d\u00e9but de la saison comme arri\u00e8re lat\u00e9ral droit ou milieu de terrain d\u00e9fensif, Loucif a \u00e9t\u00e9 titularis\u00e9 cette fois au poste d\u2019arri\u00e8re lat\u00e9ral gauche. Un repositionnement qui aurait pu susciter des interrogations, mais le joueur a rapidement dissip\u00e9 les doutes gr\u00e2ce \u00e0 une performance solide et appliqu\u00e9e. Tr\u00e8s pr\u00e9sent dans les duels, disciplin\u00e9 sur le plan tactique et pr\u00e9cieux dans les phases de relance, l\u2019ancien joueur du SCO Angers a livr\u00e9 une copie convaincante. Une prestation qui lui a permis de marquer de nombreux points aupr\u00e8s du premier responsable du staff technique. Selon nos informations, Loucif aurait m\u00eame pris une longueur d\u2019avance dans la hi\u00e9rarchie \u00e0 ce poste, devan\u00e7ant d\u00e9sormais Chetti. Il se pr\u00e9sente ainsi comme une solution cr\u00e9dible pour occuper durablement le couloir gauche de la d\u00e9fense usmiste. La rencontre de ce dimanche face \u00e0 l\u2019AS Maniema Union, comptant pour les quarts de finale aller de la Coupe de la CAF, pourrait d\u2019ailleurs confirmer cette nouvelle tendance. Le retour attendu de Hocine Dehiri dans l\u2019axe de la d\u00e9fense pourrait offrir \u00e0 Loucif l\u2019opportunit\u00e9 d\u2019encha\u00eener une deuxi\u00e8me titularisation cons\u00e9cutive sur le flanc gauche.<\/p>\n<p style=\"font-weight: 400\">Si ce sc\u00e9nario venait \u00e0 se confirmer, la charni\u00e8re centrale serait alors compos\u00e9e du duo Che Malone-Dehiri. Chetti, de son c\u00f4t\u00e9, devrait se contenter d\u2019un r\u00f4le de doublure pour Loucif, l\u2019ancien joueur d\u2019Yverdon Sport FC semblant avoir pris une option dans l\u2019esprit de Lamine N\u2019Diaye. Polyvalent et toujours pr\u00eat \u00e0 r\u00e9pondre aux besoins de son \u00e9quipe, Ha\u00efthem Loucif d\u00e9montre une fois de plus qu\u2019il peut \u00eatre un atout pr\u00e9cieux pour l\u2019USM Alger dans cette derni\u00e8re ligne droite de la saison.<\/p>\n<p style=\"font-weight: 400\"><strong>\u00a0<\/strong><\/p>\n<p style=\"font-weight: 400;text-align: right\"><strong>Nassim A.<\/strong><\/p>\n","protected":false},"excerpt":{"rendered":"<p>Ha\u00efthem Loucif continue de gagner des points \u00e0 l\u2019USM Alger. Form\u00e9 au Paradou AC, le polyvalent d\u00e9fenseur a endoss\u00e9 un nouveau r\u00f4le dimanche dernier face au CS Constantine en championnat, et sa prestation n\u2019est pas pass\u00e9e inaper\u00e7ue. Habituellement align\u00e9 depuis le d\u00e9but de la saison comme arri\u00e8re lat\u00e9ral droit ou milieu de terrain d\u00e9fensif, Loucif &hellip;<\/p>\n","protected":false},"author":3,"featured_media":145090,"comment_status":"closed","ping_status":"closed","sticky":false,"template":"","format":"standard","meta":{"footnotes":""},"categories":[127],"tags":[],"class_list":["post-145056","post","type-post","status-publish","format-standard","has-post-thumbnail","hentry","category-football-algerien"],"_links":{"self":[{"href":"https:\/\/planetesport.dz\/index.php?rest_route=\/wp\/v2\/posts\/145056","targetHints":{"allow":["GET"]}}],"collection":[{"href":"https:\/\/planetesport.dz\/index.php?rest_route=\/wp\/v2\/posts"}],"about":[{"href":"https:\/\/planetesport.dz\/index.php?rest_route=\/wp\/v2\/types\/post"}],"author":[{"embeddable":true,"href":"https:\/\/planetesport.dz\/index.php?rest_route=\/wp\/v2\/users\/3"}],"replies":[{"embeddable":true,"href":"https:\/\/planetesport.dz\/index.php?rest_route=%2Fwp%2Fv2%2Fcomments&post=145056"}],"version-history":[{"count":1,"href":"https:\/\/planetesport.dz\/index.php?rest_route=\/wp\/v2\/posts\/145056\/revisions"}],"predecessor-version":[{"id":145133,"href":"https:\/\/planetesport.dz\/index.php?rest_route=\/wp\/v2\/posts\/145056\/revisions\/145133"}],"wp:featuredmedia":[{"embeddable":true,"href":"https:\/\/planetesport.dz\/index.php?rest_route=\/wp\/v2\/media\/145090"}],"wp:attachment":[{"href":"https:\/\/planetesport.dz\/index.php?rest_route=%2Fwp%2Fv2%2Fmedia&parent=145056"}],"wp:term":[{"taxonomy":"category","embeddable":true,"href":"https:\/\/planetesport.dz\/index.php?rest_route=%2Fwp%2Fv2%2Fcategories&post=145056"},{"taxonomy":"post_tag","embeddable":true,"href":"https:\/\/planetesport.dz\/index.php?rest_route=%2Fwp%2Fv2%2Ftags&post=145056"}],"curies":[{"name":"wp","href":"https:\/\/api.w.org\/{rel}","templated":true}]}}