{"id":144899,"date":"2026-03-11T06:15:06","date_gmt":"2026-03-11T06:15:06","guid":{"rendered":"https:\/\/planetesport.dz\/?p=144899"},"modified":"2026-03-11T06:15:06","modified_gmt":"2026-03-11T06:15:06","slug":"programme-de-preparation-intense-pour-len","status":"publish","type":"post","link":"https:\/\/planetesport.dz\/?p=144899","title":{"rendered":"Programme de pr\u00e9paration intense pour l\u2019EN"},"content":{"rendered":"<p><strong>La s\u00e9lection nationale f\u00e9minine de volley-ball s\u2019appr\u00eate \u00e0 franchir une \u00e9tape d\u00e9cisive dans son ambitieux processus de reconstruction.\u00a0<\/strong><\/p>\n<p>Les \u00ab Vertes \u00bb, port\u00e9es par une volont\u00e9 farouche de renouer avec leur glorieux pass\u00e9, devront d\u2019abord briller lors d\u2019un tournoi qualificatif maghr\u00e9bin pour esp\u00e9rer d\u00e9crocher leur ticket d\u2019entr\u00e9e au prochain Championnat d\u2019Afrique des nations 2026, un \u00e9v\u00e9nement continental majeur qui r\u00e9unit les meilleures \u00e9quipes du continent.<br \/>\nSelon les informations officielles diffus\u00e9es par la Conf\u00e9d\u00e9ration africaine de volley-ball (CAVB), ce mini-tournoi, limit\u00e9 \u00e0 trois formations, est programm\u00e9 en Alg\u00e9rie, du 5 au 10 juillet 2026. L\u2019h\u00f4te national affrontera les s\u00e9lections de la Tunisie et du Maroc dans une comp\u00e9tition \u00e0 l\u2019enjeu colossal : seule la premi\u00e8re ou les deux premi\u00e8res class\u00e9es (selon les crit\u00e8res de la CAVB) valideront leur qualification pour la phase finale. Cette organisation sur le sol alg\u00e9rien offre un avantage psychologique ind\u00e9niable pour les \u00ab Vertes \u00bb, qui pourront compter sur le soutien fervent de leur public pour transformer ce rendez-vous en un tremplin vers les sommets africains.<\/p>\n<p><strong>Pour un nouvel \u00e9lan du volley f\u00e9minin alg\u00e9rien<\/strong><br \/>\nCe tournoi maghr\u00e9bin rev\u00eat une importance capitale pour les Alg\u00e9riennes qui aspirent \u00e0 reconqu\u00e9rir une place digne de leur histoire sur l\u2019\u00e9chiquier continental. Rappelons que le volley-ball f\u00e9minin alg\u00e9rien a connu ses heures de gloire dans les ann\u00e9es 1980 et 1990, avec des podiums remarqu\u00e9s lors de Championnats d\u2019Afrique et une participation active aux comp\u00e9titions mondiales. Cependant, les deux derni\u00e8res d\u00e9cennies ont \u00e9t\u00e9 marqu\u00e9es par des r\u00e9sultats en dents de scie, entre absences prolong\u00e9es et performances inconstantes, dus \u00e0 des probl\u00e8mes structurels comme le manque de continuit\u00e9 dans les encadrements techniques et les difficult\u00e9s de d\u00e9tection des talents.<\/p>\n<p>Face \u00e0 deux \u00e9quipes rivales r\u00e9gionales redoutables, les \u00ab Vertes \u00bb auront une occasion en or, non seulement de s\u00e9curiser leur qualification, mais aussi de jauger les avanc\u00e9es r\u00e9alis\u00e9es lors des derniers mois de pr\u00e9paration. La Tunisie, bastion historique du volley maghr\u00e9bin, aligne syst\u00e9matiquement une \u00e9quipe solide, rod\u00e9e par une participation r\u00e9guli\u00e8re aux tournois continentaux et par un championnat national comp\u00e9titif. Consciente des d\u00e9fis \u00e0 venir, la F\u00e9d\u00e9ration alg\u00e9rienne de volley-ball (FAVB) a concoct\u00e9 un calendrier de pr\u00e9paration d\u2019une densit\u00e9 exceptionnelle, m\u00ealant stages intenses, regroupements cibl\u00e9s et confrontations internationales. D\u00e8s le mois de juin, les \u00ab Vertes \u00bb entameront un long stage pr\u00e9comp\u00e9titif \u00e9tal\u00e9 sur plusieurs semaines, sous la houlette d\u2019un expert polonais de renom.<\/p>\n<p>Ce technicien, dont l\u2019identit\u00e9 n\u2019a pas encore \u00e9t\u00e9 r\u00e9v\u00e9l\u00e9e, mais dont la mission est claire, injectera son savoir-faire en mati\u00e8re de tactiques modernes, de conditionnement physique avanc\u00e9 et d\u2019optimisation des sch\u00e9mas de jeu. La Pologne, nation de volley-ball par excellence, avec un palmar\u00e8s impressionnant chez les f\u00e9minines (championne d\u2019Europe en 2023), repr\u00e9sente un choix strat\u00e9gique pour \u00e9lever le niveau de la s\u00e9lection nationale. Avant ce stage, la FAVB organisera une s\u00e9rie de regroupements courts et r\u00e9guliers, espac\u00e9s de quelques semaines. Ces sessions permettront au staff technique, dirig\u00e9 par le s\u00e9lectionneur national, d\u2019affiner la liste des 14 joueuses retenues, en \u00e9valuant leurs progr\u00e8s individuels, leur coh\u00e9sion collective et leur adaptabilit\u00e9 aux nouvelles exigences.<\/p>\n<p style=\"text-align: right\">\n<strong>Walim Mansouri<\/strong><\/p>\n","protected":false},"excerpt":{"rendered":"<p>La s\u00e9lection nationale f\u00e9minine de volley-ball s\u2019appr\u00eate \u00e0 franchir une \u00e9tape d\u00e9cisive dans son ambitieux processus de reconstruction.\u00a0 Les \u00ab Vertes \u00bb, port\u00e9es par une volont\u00e9 farouche de renouer avec leur glorieux pass\u00e9, devront d\u2019abord briller lors d\u2019un tournoi qualificatif maghr\u00e9bin pour esp\u00e9rer d\u00e9crocher leur ticket d\u2019entr\u00e9e au prochain Championnat d\u2019Afrique des nations 2026, un &hellip;<\/p>\n","protected":false},"author":3,"featured_media":144915,"comment_status":"closed","ping_status":"closed","sticky":false,"template":"","format":"standard","meta":{"footnotes":""},"categories":[129,161],"tags":[],"class_list":["post-144899","post","type-post","status-publish","format-standard","has-post-thumbnail","hentry","category-omnisport","category-volley"],"_links":{"self":[{"href":"https:\/\/planetesport.dz\/index.php?rest_route=\/wp\/v2\/posts\/144899","targetHints":{"allow":["GET"]}}],"collection":[{"href":"https:\/\/planetesport.dz\/index.php?rest_route=\/wp\/v2\/posts"}],"about":[{"href":"https:\/\/planetesport.dz\/index.php?rest_route=\/wp\/v2\/types\/post"}],"author":[{"embeddable":true,"href":"https:\/\/planetesport.dz\/index.php?rest_route=\/wp\/v2\/users\/3"}],"replies":[{"embeddable":true,"href":"https:\/\/planetesport.dz\/index.php?rest_route=%2Fwp%2Fv2%2Fcomments&post=144899"}],"version-history":[{"count":1,"href":"https:\/\/planetesport.dz\/index.php?rest_route=\/wp\/v2\/posts\/144899\/revisions"}],"predecessor-version":[{"id":144960,"href":"https:\/\/planetesport.dz\/index.php?rest_route=\/wp\/v2\/posts\/144899\/revisions\/144960"}],"wp:featuredmedia":[{"embeddable":true,"href":"https:\/\/planetesport.dz\/index.php?rest_route=\/wp\/v2\/media\/144915"}],"wp:attachment":[{"href":"https:\/\/planetesport.dz\/index.php?rest_route=%2Fwp%2Fv2%2Fmedia&parent=144899"}],"wp:term":[{"taxonomy":"category","embeddable":true,"href":"https:\/\/planetesport.dz\/index.php?rest_route=%2Fwp%2Fv2%2Fcategories&post=144899"},{"taxonomy":"post_tag","embeddable":true,"href":"https:\/\/planetesport.dz\/index.php?rest_route=%2Fwp%2Fv2%2Ftags&post=144899"}],"curies":[{"name":"wp","href":"https:\/\/api.w.org\/{rel}","templated":true}]}}