{"id":144838,"date":"2026-03-11T06:16:21","date_gmt":"2026-03-11T06:16:21","guid":{"rendered":"https:\/\/planetesport.dz\/?p=144838"},"modified":"2026-03-11T06:16:21","modified_gmt":"2026-03-11T06:16:21","slug":"ismael-bennacer-proche-dune-reprise","status":"publish","type":"post","link":"https:\/\/planetesport.dz\/?p=144838","title":{"rendered":"Isma\u00ebl Bennacer proche d\u2019une reprise"},"content":{"rendered":"<p><strong>L\u2019international alg\u00e9rien Isma\u00ebl Bennacer est de retour en Croatie apr\u00e8s avoir achev\u00e9 sa phase de soins au centre m\u00e9dical Aspetar \u00e0 Doha. Le milieu de terrain devrait reprendre l\u2019entra\u00eenement collectif d\u00e8s mardi avec le GNK Dinamo Zagreb.<\/strong><\/p>\n<p>La nouvelle a \u00e9t\u00e9 accueillie avec satisfaction par les supporters du club croate, quelques heures seulement apr\u00e8s la victoire importante obtenue face au HNK Hajduk Split.<br \/>\nSelon les m\u00e9dias locaux, l\u2019ancien joueur du Milan AC a regagn\u00e9 Zagreb au lendemain de cette rencontre, apr\u00e8s avoir termin\u00e9 son programme de r\u00e9\u00e9ducation au Qatar. Le milieu alg\u00e9rien devrait ainsi retrouver le groupe mardi soir, avec l\u2019espoir d\u2019\u00eatre rapidement op\u00e9rationnel pour les prochaines \u00e9ch\u00e9ances, \u00e0 commencer par la rencontre pr\u00e9vue samedi contre le NK Slaven Belupo. Pour rappel, Isma\u00ebl Bennacer avait subi une rechute le 25 janvier dernier lors du match opposant le GNK Dinamo Zagreb \u00e0 l\u2019NK Osijek, ce qui l\u2019avait contraint \u00e0 s\u2019\u00e9loigner des terrains pendant plusieurs semaines. En concertation avec la F\u00e9d\u00e9ration alg\u00e9rienne de football, il avait alors \u00e9t\u00e9 d\u00e9cid\u00e9 qu\u2019il poursuive sa r\u00e9\u00e9ducation au centre Aspetar.<\/p>\n<p>L\u2019instance f\u00e9d\u00e9rale avait recommand\u00e9 ce choix afin de permettre au joueur de r\u00e9cup\u00e9rer dans les meilleures conditions, notamment en vue des \u00e9ch\u00e9ances importantes qui attendent les Verts, dont la pr\u00e9paration pour la Coupe du monde 2026. Depuis son arriv\u00e9e au GNK Dinamo Zagreb, le milieu alg\u00e9rien a disput\u00e9 12 rencontres pour un total de 760 minutes de jeu, un bilan marqu\u00e9 par plusieurs p\u00e9pins physiques qui ont frein\u00e9 sa continuit\u00e9. Par ailleurs, les m\u00e9dias croates \u00e9voquent \u00e0 nouveau les interrogations entourant l\u2019avenir du joueur au club. Les absences r\u00e9p\u00e9t\u00e9es et le co\u00fbt potentiel d\u2019un transfert d\u00e9finitif depuis le Milan pourraient compliquer les n\u00e9gociations, d\u2019autant plus que le salaire du joueur, estim\u00e9 \u00e0 environ 4 millions d\u2019euros par an, repr\u00e9sente un investissement cons\u00e9quent.<\/p>\n<p style=\"text-align: right\">\n<strong>Djamel ABED<\/strong><\/p>\n","protected":false},"excerpt":{"rendered":"<p>L\u2019international alg\u00e9rien Isma\u00ebl Bennacer est de retour en Croatie apr\u00e8s avoir achev\u00e9 sa phase de soins au centre m\u00e9dical Aspetar \u00e0 Doha. Le milieu de terrain devrait reprendre l\u2019entra\u00eenement collectif d\u00e8s mardi avec le GNK Dinamo Zagreb. La nouvelle a \u00e9t\u00e9 accueillie avec satisfaction par les supporters du club croate, quelques heures seulement apr\u00e8s la &hellip;<\/p>\n","protected":false},"author":3,"featured_media":144886,"comment_status":"closed","ping_status":"closed","sticky":false,"template":"","format":"standard","meta":{"footnotes":""},"categories":[128],"tags":[],"class_list":["post-144838","post","type-post","status-publish","format-standard","has-post-thumbnail","hentry","category-football-etranger"],"_links":{"self":[{"href":"https:\/\/planetesport.dz\/index.php?rest_route=\/wp\/v2\/posts\/144838","targetHints":{"allow":["GET"]}}],"collection":[{"href":"https:\/\/planetesport.dz\/index.php?rest_route=\/wp\/v2\/posts"}],"about":[{"href":"https:\/\/planetesport.dz\/index.php?rest_route=\/wp\/v2\/types\/post"}],"author":[{"embeddable":true,"href":"https:\/\/planetesport.dz\/index.php?rest_route=\/wp\/v2\/users\/3"}],"replies":[{"embeddable":true,"href":"https:\/\/planetesport.dz\/index.php?rest_route=%2Fwp%2Fv2%2Fcomments&post=144838"}],"version-history":[{"count":1,"href":"https:\/\/planetesport.dz\/index.php?rest_route=\/wp\/v2\/posts\/144838\/revisions"}],"predecessor-version":[{"id":144962,"href":"https:\/\/planetesport.dz\/index.php?rest_route=\/wp\/v2\/posts\/144838\/revisions\/144962"}],"wp:featuredmedia":[{"embeddable":true,"href":"https:\/\/planetesport.dz\/index.php?rest_route=\/wp\/v2\/media\/144886"}],"wp:attachment":[{"href":"https:\/\/planetesport.dz\/index.php?rest_route=%2Fwp%2Fv2%2Fmedia&parent=144838"}],"wp:term":[{"taxonomy":"category","embeddable":true,"href":"https:\/\/planetesport.dz\/index.php?rest_route=%2Fwp%2Fv2%2Fcategories&post=144838"},{"taxonomy":"post_tag","embeddable":true,"href":"https:\/\/planetesport.dz\/index.php?rest_route=%2Fwp%2Fv2%2Ftags&post=144838"}],"curies":[{"name":"wp","href":"https:\/\/api.w.org\/{rel}","templated":true}]}}