{"id":144832,"date":"2026-03-11T06:03:49","date_gmt":"2026-03-11T06:03:49","guid":{"rendered":"https:\/\/planetesport.dz\/?p=144832"},"modified":"2026-03-11T06:03:49","modified_gmt":"2026-03-11T06:03:49","slug":"depart-des-demain-pour-lubumbashi","status":"publish","type":"post","link":"https:\/\/planetesport.dz\/?p=144832","title":{"rendered":"D\u00e9part d\u00e8s demain pour Lubumbashi\u00a0"},"content":{"rendered":"<div>\u00c0 quelques jours d\u2019un rendez-vous continental important, l\u2019USM Alger s\u2019appr\u00eate \u00e0 prendre la direction de la R\u00e9publique d\u00e9mocratique du Congo. Les Rouge et Noir doivent en effet affronter l\u2019AS Maniema Union ce dimanche \u00e0 l\u2019occasion des quarts de finale aller de la Coupe de la CAF. Si tout se d\u00e9roule comme pr\u00e9vu, la d\u00e9l\u00e9gation usmiste quittera Alger ce jeudi pour rallier la ville de Lubumbashi, o\u00f9 devrait s\u00e9journer l\u2019\u00e9quipe avant ce premier acte de la double confrontation. Un d\u00e9placement important pour les Alg\u00e9rois qui visent un r\u00e9sultat positif afin d\u2019aborder la manche retour dans de bonnes conditions. Afin de placer les joueurs et les membres du staff dans les meilleures dispositions possibles, les responsables du club ont opt\u00e9 pour un voyage \u00e0 bord d\u2019un avion sp\u00e9cial.<\/div>\n<div>Une d\u00e9cision qui vise \u00e0 r\u00e9duire la fatigue li\u00e9e au d\u00e9placement et \u00e0 permettre au groupe de pr\u00e9parer sereinement ce rendez-vous continental. Ce choix logistique traduit \u00e9galement l\u2019importance accord\u00e9e \u00e0 cette rencontre face au club congolais. Conscients de l\u2019enjeu, les dirigeants ont tenu \u00e0 offrir toutes les conditions n\u00e9cessaires aux hommes de l\u2019entra\u00eeneur Lamine N\u2019Diaye pour aborder ce quart de finale aller avec un maximum de s\u00e9r\u00e9nit\u00e9. Les co\u00e9quipiers du capitaine Sa\u00e2di Radouani savent qu\u2019un bon r\u00e9sultat \u00e0 l\u2019ext\u00e9rieur pourrait peser lourd dans la balance avant la manche retour pr\u00e9vue \u00e0 Alger. Dans le camp usmiste, l\u2019objectif sera donc de r\u00e9ussir un match solide afin de franchir un premier pas vers les demi-finales de la comp\u00e9tition africaine.<\/div>\n<div><\/div>\n<div style=\"text-align: right\"><strong>Nassim A.<\/strong><\/div>\n<div><\/div>\n","protected":false},"excerpt":{"rendered":"<p>\u00c0 quelques jours d\u2019un rendez-vous continental important, l\u2019USM Alger s\u2019appr\u00eate \u00e0 prendre la direction de la R\u00e9publique d\u00e9mocratique du Congo. Les Rouge et Noir doivent en effet affronter l\u2019AS Maniema Union ce dimanche \u00e0 l\u2019occasion des quarts de finale aller de la Coupe de la CAF. Si tout se d\u00e9roule comme pr\u00e9vu, la d\u00e9l\u00e9gation usmiste &hellip;<\/p>\n","protected":false},"author":3,"featured_media":144881,"comment_status":"closed","ping_status":"closed","sticky":false,"template":"","format":"standard","meta":{"footnotes":""},"categories":[127],"tags":[],"class_list":["post-144832","post","type-post","status-publish","format-standard","has-post-thumbnail","hentry","category-football-algerien"],"_links":{"self":[{"href":"https:\/\/planetesport.dz\/index.php?rest_route=\/wp\/v2\/posts\/144832","targetHints":{"allow":["GET"]}}],"collection":[{"href":"https:\/\/planetesport.dz\/index.php?rest_route=\/wp\/v2\/posts"}],"about":[{"href":"https:\/\/planetesport.dz\/index.php?rest_route=\/wp\/v2\/types\/post"}],"author":[{"embeddable":true,"href":"https:\/\/planetesport.dz\/index.php?rest_route=\/wp\/v2\/users\/3"}],"replies":[{"embeddable":true,"href":"https:\/\/planetesport.dz\/index.php?rest_route=%2Fwp%2Fv2%2Fcomments&post=144832"}],"version-history":[{"count":1,"href":"https:\/\/planetesport.dz\/index.php?rest_route=\/wp\/v2\/posts\/144832\/revisions"}],"predecessor-version":[{"id":144942,"href":"https:\/\/planetesport.dz\/index.php?rest_route=\/wp\/v2\/posts\/144832\/revisions\/144942"}],"wp:featuredmedia":[{"embeddable":true,"href":"https:\/\/planetesport.dz\/index.php?rest_route=\/wp\/v2\/media\/144881"}],"wp:attachment":[{"href":"https:\/\/planetesport.dz\/index.php?rest_route=%2Fwp%2Fv2%2Fmedia&parent=144832"}],"wp:term":[{"taxonomy":"category","embeddable":true,"href":"https:\/\/planetesport.dz\/index.php?rest_route=%2Fwp%2Fv2%2Fcategories&post=144832"},{"taxonomy":"post_tag","embeddable":true,"href":"https:\/\/planetesport.dz\/index.php?rest_route=%2Fwp%2Fv2%2Ftags&post=144832"}],"curies":[{"name":"wp","href":"https:\/\/api.w.org\/{rel}","templated":true}]}}