{"id":144791,"date":"2026-03-10T05:53:45","date_gmt":"2026-03-10T05:53:45","guid":{"rendered":"https:\/\/planetesport.dz\/?p=144791"},"modified":"2026-03-10T05:53:45","modified_gmt":"2026-03-10T05:53:45","slug":"latletico-de-madrid-sur-les-traces-dibrahim-maza","status":"publish","type":"post","link":"https:\/\/planetesport.dz\/?p=144791","title":{"rendered":"L\u2019Atl\u00e9tico de Madrid sur les traces d\u2019Ibrahim Maza"},"content":{"rendered":"<p><strong>En vue de la saison prochaine, l\u2019Atl\u00e9tico de Madrid aurait coch\u00e9 le nom de notre international Ibrahim Maza.<\/strong><\/p>\n<p>L\u2019\u00e9t\u00e9 dernier, le club allemand du Bayer Leverkusen avait mis\u00e9 sur le milieu offensif de 20 ans en le recrutant au Hertha BSC pour une indemnit\u00e9 estim\u00e9e \u00e0 12 millions d\u2019euros. Depuis son arriv\u00e9e, le natif de Berlin s\u2019est progressivement int\u00e9gr\u00e9 dans l\u2019effectif du Werkself, confirmant les attentes plac\u00e9es en lui. Ses prestations commencent d\u2019ailleurs \u00e0 attirer l\u2019attention de plusieurs clubs europ\u00e9ens. En Espagne, l\u2019Atl\u00e9tico de Madrid suivrait de pr\u00e8s l\u2019\u00e9volution de l\u2019international alg\u00e9rien. Selon le m\u00e9dia sp\u00e9cialis\u00e9 Transferfeed, le club madril\u00e8ne envisagerait m\u00eame de transmettre une offre au Bayer Leverkusen.<\/p>\n<p>Toujours selon la m\u00eame source, la valeur marchande du joueur serait aujourd\u2019hui estim\u00e9e \u00e0 environ 35 millions d\u2019euros. Sous contrat avec la formation allemande jusqu\u2019en juin 2030, Ibrahim Maza compte d\u00e9j\u00e0 13 s\u00e9lections avec la s\u00e9lection nationale, pour deux buts inscrits. Cette saison, le meneur de jeu de Leverkusen a pris part \u00e0 19 rencontres de championnat, avec un bilan de deux r\u00e9alisations et deux passes d\u00e9cisives.<\/p>\n<p style=\"text-align: right\"><strong>Djamel ABED<\/strong><\/p>\n","protected":false},"excerpt":{"rendered":"<p>En vue de la saison prochaine, l\u2019Atl\u00e9tico de Madrid aurait coch\u00e9 le nom de notre international Ibrahim Maza. L\u2019\u00e9t\u00e9 dernier, le club allemand du Bayer Leverkusen avait mis\u00e9 sur le milieu offensif de 20 ans en le recrutant au Hertha BSC pour une indemnit\u00e9 estim\u00e9e \u00e0 12 millions d\u2019euros. Depuis son arriv\u00e9e, le natif de &hellip;<\/p>\n","protected":false},"author":3,"featured_media":144722,"comment_status":"closed","ping_status":"closed","sticky":false,"template":"","format":"standard","meta":{"footnotes":""},"categories":[128],"tags":[],"class_list":["post-144791","post","type-post","status-publish","format-standard","has-post-thumbnail","hentry","category-football-etranger"],"_links":{"self":[{"href":"https:\/\/planetesport.dz\/index.php?rest_route=\/wp\/v2\/posts\/144791","targetHints":{"allow":["GET"]}}],"collection":[{"href":"https:\/\/planetesport.dz\/index.php?rest_route=\/wp\/v2\/posts"}],"about":[{"href":"https:\/\/planetesport.dz\/index.php?rest_route=\/wp\/v2\/types\/post"}],"author":[{"embeddable":true,"href":"https:\/\/planetesport.dz\/index.php?rest_route=\/wp\/v2\/users\/3"}],"replies":[{"embeddable":true,"href":"https:\/\/planetesport.dz\/index.php?rest_route=%2Fwp%2Fv2%2Fcomments&post=144791"}],"version-history":[{"count":1,"href":"https:\/\/planetesport.dz\/index.php?rest_route=\/wp\/v2\/posts\/144791\/revisions"}],"predecessor-version":[{"id":144802,"href":"https:\/\/planetesport.dz\/index.php?rest_route=\/wp\/v2\/posts\/144791\/revisions\/144802"}],"wp:featuredmedia":[{"embeddable":true,"href":"https:\/\/planetesport.dz\/index.php?rest_route=\/wp\/v2\/media\/144722"}],"wp:attachment":[{"href":"https:\/\/planetesport.dz\/index.php?rest_route=%2Fwp%2Fv2%2Fmedia&parent=144791"}],"wp:term":[{"taxonomy":"category","embeddable":true,"href":"https:\/\/planetesport.dz\/index.php?rest_route=%2Fwp%2Fv2%2Fcategories&post=144791"},{"taxonomy":"post_tag","embeddable":true,"href":"https:\/\/planetesport.dz\/index.php?rest_route=%2Fwp%2Fv2%2Ftags&post=144791"}],"curies":[{"name":"wp","href":"https:\/\/api.w.org\/{rel}","templated":true}]}}