{"id":144340,"date":"2026-03-08T04:59:45","date_gmt":"2026-03-08T04:59:45","guid":{"rendered":"https:\/\/planetesport.dz\/?p=144340"},"modified":"2026-03-08T04:59:45","modified_gmt":"2026-03-08T04:59:45","slug":"verstappen-rassure-apres-son-accident","status":"publish","type":"post","link":"https:\/\/planetesport.dz\/?p=144340","title":{"rendered":"Verstappen rassur\u00e9 apr\u00e8s son accident"},"content":{"rendered":"<p>Grosse frayeur pour Max Verstappen lors des qualifications du Grand Prix d\u2019Australie, manche d\u2019ouverture du Championnat du monde de Formule 1. Le pilote n\u00e9erlandais a violemment percut\u00e9 les barri\u00e8res d\u00e8s le d\u00e9but de la s\u00e9ance apr\u00e8s un probl\u00e8me technique sur sa Red Bull RB22. L\u2019incident s\u2019est produit dans le premier virage lorsque l\u2019arri\u00e8re de la monoplace s\u2019est brutalement bloqu\u00e9, envoyant la voiture hors trajectoire. Dans le choc, le quadruple champion du monde a \u00e9galement heurt\u00e9 le ch\u00e2ssis avec ses mains. Heureusement, les examens m\u00e9dicaux se sont r\u00e9v\u00e9l\u00e9s rassurants. \u00ab J\u2019ai d\u00e9j\u00e0 pass\u00e9 une radiographie, je n\u2019ai rien de cass\u00e9 \u00bb, a d\u00e9clar\u00e9 Verstappen au micro de Sky Sport \u00e0 l\u2019issue de la s\u00e9ance. Malgr\u00e9 ce soulagement, le pilote de Red Bull Racing n\u2019a pas cach\u00e9 son inqui\u00e9tude face \u00e0 la hi\u00e9rarchie actuelle. \u00ab L\u2019\u00e9cart entre les Mercedes et le reste du plateau est \u00e9norme. Nous ne savons pas exactement ce qui s\u2019est pass\u00e9 avec la voiture, je sais seulement que l\u2019arri\u00e8re s\u2019est compl\u00e8tement bloqu\u00e9 d\u2019un coup. Pour l\u2019instant, je ne prends pas vraiment de plaisir \u00bb, a-t-il reconnu. Son co\u00e9quipier Isack Hadjar a toutefois sauv\u00e9 l\u2019honneur de l\u2019\u00e9curie en signant le troisi\u00e8me temps des qualifications.<\/p>\n<p style=\"text-align: right\"><strong>Djaffar KHODJA<\/strong><\/p>\n","protected":false},"excerpt":{"rendered":"<p>Grosse frayeur pour Max Verstappen lors des qualifications du Grand Prix d\u2019Australie, manche d\u2019ouverture du Championnat du monde de Formule 1. Le pilote n\u00e9erlandais a violemment percut\u00e9 les barri\u00e8res d\u00e8s le d\u00e9but de la s\u00e9ance apr\u00e8s un probl\u00e8me technique sur sa Red Bull RB22. L\u2019incident s\u2019est produit dans le premier virage lorsque l\u2019arri\u00e8re de la &hellip;<\/p>\n","protected":false},"author":3,"featured_media":144385,"comment_status":"closed","ping_status":"closed","sticky":false,"template":"","format":"standard","meta":{"footnotes":""},"categories":[157],"tags":[],"class_list":["post-144340","post","type-post","status-publish","format-standard","has-post-thumbnail","hentry","category-motosports"],"_links":{"self":[{"href":"https:\/\/planetesport.dz\/index.php?rest_route=\/wp\/v2\/posts\/144340","targetHints":{"allow":["GET"]}}],"collection":[{"href":"https:\/\/planetesport.dz\/index.php?rest_route=\/wp\/v2\/posts"}],"about":[{"href":"https:\/\/planetesport.dz\/index.php?rest_route=\/wp\/v2\/types\/post"}],"author":[{"embeddable":true,"href":"https:\/\/planetesport.dz\/index.php?rest_route=\/wp\/v2\/users\/3"}],"replies":[{"embeddable":true,"href":"https:\/\/planetesport.dz\/index.php?rest_route=%2Fwp%2Fv2%2Fcomments&post=144340"}],"version-history":[{"count":1,"href":"https:\/\/planetesport.dz\/index.php?rest_route=\/wp\/v2\/posts\/144340\/revisions"}],"predecessor-version":[{"id":144393,"href":"https:\/\/planetesport.dz\/index.php?rest_route=\/wp\/v2\/posts\/144340\/revisions\/144393"}],"wp:featuredmedia":[{"embeddable":true,"href":"https:\/\/planetesport.dz\/index.php?rest_route=\/wp\/v2\/media\/144385"}],"wp:attachment":[{"href":"https:\/\/planetesport.dz\/index.php?rest_route=%2Fwp%2Fv2%2Fmedia&parent=144340"}],"wp:term":[{"taxonomy":"category","embeddable":true,"href":"https:\/\/planetesport.dz\/index.php?rest_route=%2Fwp%2Fv2%2Fcategories&post=144340"},{"taxonomy":"post_tag","embeddable":true,"href":"https:\/\/planetesport.dz\/index.php?rest_route=%2Fwp%2Fv2%2Ftags&post=144340"}],"curies":[{"name":"wp","href":"https:\/\/api.w.org\/{rel}","templated":true}]}}