{"id":144100,"date":"2026-03-07T06:23:09","date_gmt":"2026-03-07T06:23:09","guid":{"rendered":"https:\/\/planetesport.dz\/?p=144100"},"modified":"2026-03-07T06:23:09","modified_gmt":"2026-03-07T06:23:09","slug":"belaili-suspendu-un-an-par-la-fifa","status":"publish","type":"post","link":"https:\/\/planetesport.dz\/?p=144100","title":{"rendered":"Bela\u00efli suspendu un an par la FIFA\u00a0"},"content":{"rendered":"<div>Le milieu offensif alg\u00e9rien Youcef Bela\u00efli traverse une p\u00e9riode particuli\u00e8rement complexe loin des terrains. D\u00e9j\u00e0 \u00e9loign\u00e9 de la comp\u00e9tition en raison d\u2019une grave blessure au genou, l\u2019international alg\u00e9rien vient d\u2019\u00eatre frapp\u00e9 par une sanction disciplinaire prononc\u00e9e par la FIFA. Selon des informations l\u2019instance dirigeante du football mondial a d\u00e9cid\u00e9 de suspendre Bela\u00efli pour une dur\u00e9e d\u2019un an, tout en lui infligeant une amende de 5 000 francs suisses. Cette d\u00e9cision fait suite \u00e0 la plainte d\u00e9pos\u00e9e par son ancien club fran\u00e7ais, l\u2019AC Ajaccio, avec lequel il avait \u00e9volu\u00e9 lors de la saison 2022-2023. Le club corse accusait le joueur de falsification de documents et d\u2019irr\u00e9gularit\u00e9s administratives, estimant que celui-ci avait per\u00e7u ind\u00fbment une somme avoisinant les 380 000 euros durant son passage au sein de l\u2019\u00e9quipe. Apr\u00e8s examen du dossier, la FIFA a tranch\u00e9 en faveur du club fran\u00e7ais et notifi\u00e9 officiellement sa d\u00e9cision au joueur ce jeudi.<\/div>\n<div><\/div>\n<div>D\u2019apr\u00e8s les m\u00eames sources, Bela\u00efli dispose toutefois de la possibilit\u00e9 de contester cette sanction devant le Tribunal arbitral du sport (TAS). Un recours qui pourrait permettre au joueur de tenter d\u2019obtenir une r\u00e9duction de la peine, voire son annulation. Cette affaire intervient \u00e0 un moment particuli\u00e8rement sensible pour l\u2019ancien joueur du Mouloudia d\u2019Alger et de l\u2019USM Alger, d\u00e9j\u00e0 concentr\u00e9 sur sa r\u00e9\u00e9ducation apr\u00e8s une s\u00e9rieuse blessure au genou. Son objectif \u00e9tait de retrouver les terrains dans les prochains mois afin de retrouver la s\u00e9lection nationale.<\/div>\n<div>Entre cette sanction et ses probl\u00e8mes physiques, l\u2019avenir imm\u00e9diat de Bela\u00efli reste suspendu \u00e0 l\u2019issue de la proc\u00e9dure d\u2019appel, qui d\u00e9terminera la suite de son avenir sportif.<\/div>\n<div><\/div>\n<div style=\"text-align: right\"><strong>Djamel ABED<\/strong><\/div>\n","protected":false},"excerpt":{"rendered":"<p>Le milieu offensif alg\u00e9rien Youcef Bela\u00efli traverse une p\u00e9riode particuli\u00e8rement complexe loin des terrains. D\u00e9j\u00e0 \u00e9loign\u00e9 de la comp\u00e9tition en raison d\u2019une grave blessure au genou, l\u2019international alg\u00e9rien vient d\u2019\u00eatre frapp\u00e9 par une sanction disciplinaire prononc\u00e9e par la FIFA. Selon des informations l\u2019instance dirigeante du football mondial a d\u00e9cid\u00e9 de suspendre Bela\u00efli pour une dur\u00e9e &hellip;<\/p>\n","protected":false},"author":3,"featured_media":144150,"comment_status":"closed","ping_status":"closed","sticky":false,"template":"","format":"standard","meta":{"footnotes":""},"categories":[128],"tags":[],"class_list":["post-144100","post","type-post","status-publish","format-standard","has-post-thumbnail","hentry","category-football-etranger"],"_links":{"self":[{"href":"https:\/\/planetesport.dz\/index.php?rest_route=\/wp\/v2\/posts\/144100","targetHints":{"allow":["GET"]}}],"collection":[{"href":"https:\/\/planetesport.dz\/index.php?rest_route=\/wp\/v2\/posts"}],"about":[{"href":"https:\/\/planetesport.dz\/index.php?rest_route=\/wp\/v2\/types\/post"}],"author":[{"embeddable":true,"href":"https:\/\/planetesport.dz\/index.php?rest_route=\/wp\/v2\/users\/3"}],"replies":[{"embeddable":true,"href":"https:\/\/planetesport.dz\/index.php?rest_route=%2Fwp%2Fv2%2Fcomments&post=144100"}],"version-history":[{"count":1,"href":"https:\/\/planetesport.dz\/index.php?rest_route=\/wp\/v2\/posts\/144100\/revisions"}],"predecessor-version":[{"id":144239,"href":"https:\/\/planetesport.dz\/index.php?rest_route=\/wp\/v2\/posts\/144100\/revisions\/144239"}],"wp:featuredmedia":[{"embeddable":true,"href":"https:\/\/planetesport.dz\/index.php?rest_route=\/wp\/v2\/media\/144150"}],"wp:attachment":[{"href":"https:\/\/planetesport.dz\/index.php?rest_route=%2Fwp%2Fv2%2Fmedia&parent=144100"}],"wp:term":[{"taxonomy":"category","embeddable":true,"href":"https:\/\/planetesport.dz\/index.php?rest_route=%2Fwp%2Fv2%2Fcategories&post=144100"},{"taxonomy":"post_tag","embeddable":true,"href":"https:\/\/planetesport.dz\/index.php?rest_route=%2Fwp%2Fv2%2Ftags&post=144100"}],"curies":[{"name":"wp","href":"https:\/\/api.w.org\/{rel}","templated":true}]}}