{"id":143107,"date":"2026-02-28T06:40:06","date_gmt":"2026-02-28T06:40:06","guid":{"rendered":"https:\/\/planetesport.dz\/?p=143107"},"modified":"2026-02-28T06:40:06","modified_gmt":"2026-02-28T06:40:06","slug":"le-real-madrid-a-donne-des-nouvelles-de-la-blessure-de-raul-asencio","status":"publish","type":"post","link":"https:\/\/planetesport.dz\/?p=143107","title":{"rendered":"Le Real Madrid a donn\u00e9 des nouvelles de la blessure de Raul Asencio"},"content":{"rendered":"<p>Le Real Madrid a confirm\u00e9 que Raul Asencio a \u00e9t\u00e9 diagnostiqu\u00e9 avec une \u00e9longation musculaire cervicale. \u00ab \u00c0 la suite des examens r\u00e9alis\u00e9s sur notre joueur Raul Asencio par les services m\u00e9dicaux du Real Madrid, une \u00e9longation musculaire cervicale a \u00e9t\u00e9 diagnostiqu\u00e9e. Son \u00e9volution sera surveill\u00e9e \u00bb, indique le communiqu\u00e9 du club. Le d\u00e9fenseur central espagnol a \u00e9t\u00e9 victime d\u2019un violent choc avec Eduardo Camavinga lors du match de Ligue des champions disput\u00e9 en milieu de semaine contre Benfica. Il a ensuite \u00e9t\u00e9 \u00e9vacu\u00e9 sur civi\u00e8re avec une minerve. Bien que la dur\u00e9e exacte de son indisponibilit\u00e9 n\u2019ait pas \u00e9t\u00e9 r\u00e9v\u00e9l\u00e9e, Asencio devrait manquer le match de Liga de lundi contre Getafe. Rapporte le site tribuna.com<\/p>\n","protected":false},"excerpt":{"rendered":"<p>Le Real Madrid a confirm\u00e9 que Raul Asencio a \u00e9t\u00e9 diagnostiqu\u00e9 avec une \u00e9longation musculaire cervicale. \u00ab \u00c0 la suite des examens r\u00e9alis\u00e9s sur notre joueur Raul Asencio par les services m\u00e9dicaux du Real Madrid, une \u00e9longation musculaire cervicale a \u00e9t\u00e9 diagnostiqu\u00e9e. Son \u00e9volution sera surveill\u00e9e \u00bb, indique le communiqu\u00e9 du club. Le d\u00e9fenseur central &hellip;<\/p>\n","protected":false},"author":3,"featured_media":143140,"comment_status":"closed","ping_status":"closed","sticky":false,"template":"","format":"standard","meta":{"footnotes":""},"categories":[128],"tags":[],"class_list":["post-143107","post","type-post","status-publish","format-standard","has-post-thumbnail","hentry","category-football-etranger"],"_links":{"self":[{"href":"https:\/\/planetesport.dz\/index.php?rest_route=\/wp\/v2\/posts\/143107","targetHints":{"allow":["GET"]}}],"collection":[{"href":"https:\/\/planetesport.dz\/index.php?rest_route=\/wp\/v2\/posts"}],"about":[{"href":"https:\/\/planetesport.dz\/index.php?rest_route=\/wp\/v2\/types\/post"}],"author":[{"embeddable":true,"href":"https:\/\/planetesport.dz\/index.php?rest_route=\/wp\/v2\/users\/3"}],"replies":[{"embeddable":true,"href":"https:\/\/planetesport.dz\/index.php?rest_route=%2Fwp%2Fv2%2Fcomments&post=143107"}],"version-history":[{"count":1,"href":"https:\/\/planetesport.dz\/index.php?rest_route=\/wp\/v2\/posts\/143107\/revisions"}],"predecessor-version":[{"id":143178,"href":"https:\/\/planetesport.dz\/index.php?rest_route=\/wp\/v2\/posts\/143107\/revisions\/143178"}],"wp:featuredmedia":[{"embeddable":true,"href":"https:\/\/planetesport.dz\/index.php?rest_route=\/wp\/v2\/media\/143140"}],"wp:attachment":[{"href":"https:\/\/planetesport.dz\/index.php?rest_route=%2Fwp%2Fv2%2Fmedia&parent=143107"}],"wp:term":[{"taxonomy":"category","embeddable":true,"href":"https:\/\/planetesport.dz\/index.php?rest_route=%2Fwp%2Fv2%2Fcategories&post=143107"},{"taxonomy":"post_tag","embeddable":true,"href":"https:\/\/planetesport.dz\/index.php?rest_route=%2Fwp%2Fv2%2Ftags&post=143107"}],"curies":[{"name":"wp","href":"https:\/\/api.w.org\/{rel}","templated":true}]}}