{"id":141279,"date":"2026-02-16T00:26:23","date_gmt":"2026-02-16T00:26:23","guid":{"rendered":"https:\/\/planetesport.dz\/?p=141279"},"modified":"2026-02-16T00:26:23","modified_gmt":"2026-02-16T00:26:23","slug":"benatia-cette-medaille-dor-est-le-fruit-dun-travail-collectif","status":"publish","type":"post","link":"https:\/\/planetesport.dz\/?p=141279","title":{"rendered":"Benatia : \u00ab Cette m\u00e9daille d\u2019or est le fruit d\u2019un travail collectif \u00bb"},"content":{"rendered":"<div>Sacr\u00e9 champion d\u2019Alg\u00e9rie et auteur d\u2019un parcours remarquable, sans la moindre faille tout au long de cette comp\u00e9tition palpitante, Zakaria Benatia a marqu\u00e9 de son empreinte ind\u00e9l\u00e9bile la derni\u00e8re \u00e9dition du Championnat d\u2019Alg\u00e9rie de judo. Le judoka d\u2019Ouled El-Bahia, figure montante du judo national, revient en d\u00e9tails sur sa cons\u00e9cration personnelle, son \u00e9tat d\u2019esprit au sortir de ces journ\u00e9es intenses et ses ambitions futures pleines de hauteur.<\/div>\n<div><\/div>\n<div><strong>Quel sentiment vous anime apr\u00e8s avoir d\u00e9croch\u00e9 la m\u00e9daille d\u2019or\u00a0 ?<\/strong><\/div>\n<div>C\u2019est avant tout un immense soulagement, apr\u00e8s des semaines de tension accumul\u00e9e, et beaucoup de fiert\u00e9 l\u00e9gitime face \u00e0 l\u2019ampleur de l\u2019exploit. Une m\u00e9daille d\u2019or dans un championnat d\u2019Alg\u00e9rie aussi relev\u00e9, avec une concurrence f\u00e9roce de tous les c\u00f4t\u00e9s, a une saveur particuli\u00e8re et inoubliable. J\u2019ai travaill\u00e9 dur, jour apr\u00e8s jour, avec une discipline de fer pour ce moment pr\u00e9cis, et je suis profond\u00e9ment heureux que les efforts consentis aient \u00e9t\u00e9 pleinement r\u00e9compens\u00e9s sur le tatami.<\/div>\n<div><\/div>\n<div><strong>La comp\u00e9tition a \u00e9t\u00e9 tr\u00e8s disput\u00e9e cette ann\u00e9e. Comment l\u2019avez-vous v\u00e9cue ?<\/strong><\/div>\n<div>Effectivement, le niveau \u00e9tait tr\u00e8s \u00e9lev\u00e9 cette ann\u00e9e, avec des athl\u00e8tes au top de leur forme et une motivation collective palpable. Chaque combat \u00e9tait difficile et exigeant, il n\u2019y avait pas de match facile ou offert sur un plateau. Cela m\u2019a oblig\u00e9 \u00e0 rester concentr\u00e9 du premier au dernier jour, \u00e0 bien g\u00e9rer la pression psychologique croissante et l\u2019encha\u00eenement physique des combats successifs, dans un contexte o\u00f9 la moindre erreur pouvait tout remettre en question.<\/div>\n<div><\/div>\n<div><strong>\u00c0 qui souhaitez-vous d\u00e9dier cette cons\u00e9cration ?<\/strong><\/div>\n<div>Cette m\u00e9daille, je la d\u00e9die avant tout \u00e0 mon staff technique d\u00e9vou\u00e9, \u00e0 mes entra\u00eeneurs qui m\u2019accompagnent au quotidien avec patience et expertise, mais aussi \u00e0 mes co\u00e9quipiers qui ont port\u00e9 l\u2019\u00e9quipe vers la victoire. Je remercie \u00e9galement, de tout c\u0153ur, ma famille, pilier in\u00e9branlable de mon parcours, et toutes les personnes qui m\u2019ont soutenu, de pr\u00e8s ou de loin, par leurs encouragements et leur pr\u00e9sence morale. Sans eux, rien n\u2019aurait \u00e9t\u00e9 possible dans cette aventure.<\/div>\n<div><\/div>\n<div><strong>Qu\u2019est-ce qui a fait la diff\u00e9rence, selon vous, durant ce championnat ?<\/strong><\/div>\n<div>La pr\u00e9paration mentale et la discipline rigoureuse ont fait toute la diff\u00e9rence. Sur le plan physique, tout le monde est pr\u00eat et aff\u00fbt\u00e9 \u00e0 ce niveau d\u2019\u00e9lite. Ce sont les d\u00e9tails infimes, la gestion fine du stress sous les projecteurs, et la lucidit\u00e9 mentale dans les moments cl\u00e9s et d\u00e9cisifs qui font basculer un combat et distinguent les grands des bons.<\/div>\n<div><\/div>\n<div><strong>Quels sont d\u00e9sormais vos objectifs ?<\/strong><\/div>\n<div>Continuer \u00e0 progresser sans rel\u00e2che, m\u2019installer durablement au plus haut niveau national, avec constance, et viser pleinement l\u2019international o\u00f9 la concurrence est encore plus relev\u00e9e. Remporter des m\u00e9dailles avec la s\u00e9lection nationale alg\u00e9rienne reste l&rsquo;une de mes grandes priorit\u00e9s absolues, avec en ligne de mire les podiums continentaux et mondiaux.<\/div>\n<div><\/div>\n<div style=\"text-align: right\"><strong>A. A.<\/strong><\/div>\n","protected":false},"excerpt":{"rendered":"<p>Sacr\u00e9 champion d\u2019Alg\u00e9rie et auteur d\u2019un parcours remarquable, sans la moindre faille tout au long de cette comp\u00e9tition palpitante, Zakaria Benatia a marqu\u00e9 de son empreinte ind\u00e9l\u00e9bile la derni\u00e8re \u00e9dition du Championnat d\u2019Alg\u00e9rie de judo. Le judoka d\u2019Ouled El-Bahia, figure montante du judo national, revient en d\u00e9tails sur sa cons\u00e9cration personnelle, son \u00e9tat d\u2019esprit au &hellip;<\/p>\n","protected":false},"author":3,"featured_media":0,"comment_status":"closed","ping_status":"closed","sticky":false,"template":"","format":"standard","meta":{"footnotes":""},"categories":[162,129],"tags":[],"class_list":["post-141279","post","type-post","status-publish","format-standard","hentry","category-judo","category-omnisport"],"_links":{"self":[{"href":"https:\/\/planetesport.dz\/index.php?rest_route=\/wp\/v2\/posts\/141279","targetHints":{"allow":["GET"]}}],"collection":[{"href":"https:\/\/planetesport.dz\/index.php?rest_route=\/wp\/v2\/posts"}],"about":[{"href":"https:\/\/planetesport.dz\/index.php?rest_route=\/wp\/v2\/types\/post"}],"author":[{"embeddable":true,"href":"https:\/\/planetesport.dz\/index.php?rest_route=\/wp\/v2\/users\/3"}],"replies":[{"embeddable":true,"href":"https:\/\/planetesport.dz\/index.php?rest_route=%2Fwp%2Fv2%2Fcomments&post=141279"}],"version-history":[{"count":1,"href":"https:\/\/planetesport.dz\/index.php?rest_route=\/wp\/v2\/posts\/141279\/revisions"}],"predecessor-version":[{"id":141365,"href":"https:\/\/planetesport.dz\/index.php?rest_route=\/wp\/v2\/posts\/141279\/revisions\/141365"}],"wp:attachment":[{"href":"https:\/\/planetesport.dz\/index.php?rest_route=%2Fwp%2Fv2%2Fmedia&parent=141279"}],"wp:term":[{"taxonomy":"category","embeddable":true,"href":"https:\/\/planetesport.dz\/index.php?rest_route=%2Fwp%2Fv2%2Fcategories&post=141279"},{"taxonomy":"post_tag","embeddable":true,"href":"https:\/\/planetesport.dz\/index.php?rest_route=%2Fwp%2Fv2%2Ftags&post=141279"}],"curies":[{"name":"wp","href":"https:\/\/api.w.org\/{rel}","templated":true}]}}