{"id":138154,"date":"2026-01-22T06:07:06","date_gmt":"2026-01-22T06:07:06","guid":{"rendered":"https:\/\/planetesport.dz\/?p=138154"},"modified":"2026-01-22T06:07:06","modified_gmt":"2026-01-22T06:07:06","slug":"alger-accueillera-les-championnats-dafrique-en-septembre","status":"publish","type":"post","link":"https:\/\/planetesport.dz\/?p=138154","title":{"rendered":"Alger accueillera les Championnats d\u2019Afrique en septembre\u00a0"},"content":{"rendered":"<div>Le karat\u00e9-do africain s\u2019inscrit dans une nouvelle dynamique en Alg\u00e9rie, o\u00f9 les ambitions sportives se conjuguent avec une volont\u00e9 de progr\u00e8s durable. La F\u00e9d\u00e9ration alg\u00e9rienne de karat\u00e9 (FAK) a officiellement annonc\u00e9 que notre pays accueille les Championnats d\u2019Afrique de karat\u00e9-do en septembre 2026. Cette annonce, valid\u00e9e par l\u2019Union africaine de la discipline, projette Alger sur le devant de la sc\u00e8ne, du 7 au 13 septembre 2026, en r\u00e9unissant l\u2019\u00e9lite du karat\u00e9 continental et en offrant une vitrine sans \u00e9quivalent pour les jeunes talents et les figures embl\u00e9matiques de ce sport. Cet \u00e9v\u00e9nement d\u2019envergure, regroupant les cat\u00e9gories cadets, juniors et seniors, n\u2019est pas seulement un rendez-vous prestigieux du calendrier africain. Il s\u2019agit d\u2019un v\u00e9ritable levier pour la progression du karat\u00e9 en Alg\u00e9rie et d\u2019un indicateur fort de la mont\u00e9e en puissance de notre sport au niveau international. En accueillant ces championnats, l\u2019Alg\u00e9rie affirme sa capacit\u00e9 \u00e0 organiser des comp\u00e9titions de haut niveau et \u00e0 mettre en \u0153uvre des infrastructures modernes et adapt\u00e9es, tout en renfor\u00e7ant le maillage local autour de la pratique du karat\u00e9-do. C\u2019est aussi une opportunit\u00e9 pr\u00e9cieuse pour consolider les bases techniques, d\u00e9velopper l\u2019encadrement et attirer des partenaires r\u00e9gionaux et internationaux.<\/div>\n<div><\/div>\n<div>Pour la FAK, ce championnat repr\u00e9sente une \u00e9tape charni\u00e8re dans le processus de professionnalisation et de p\u00e9rennisation des efforts investis dans le karat\u00e9 national. Au-del\u00e0 de l\u2019exploit organisationnel, cette \u00e9dition 2026 offrira \u00e0 nos athl\u00e8tes l\u2019opportunit\u00e9 de porter haut les couleurs de l\u2019Alg\u00e9rie devant leur public et devant l\u2019\u00e9lite africaine. Elle s\u2019inscrit dans une strat\u00e9gie plus large visant \u00e0 augmenter la production de m\u00e9dailles sur la sc\u00e8ne mondiale, en adaptant les programmes de formation, en renfor\u00e7ant la pr\u00e9paration physique et technique et en d\u00e9bloquant des ressources d\u00e9di\u00e9es \u00e0 la rel\u00e8ve. L\u2019objectif est clair : faire de l\u2019Alg\u00e9rie un carrefour incontournable du karat\u00e9 africain et, \u00e0 terme, acc\u00e9l\u00e9rer la progression de nos karatekas vers les podiums mondiaux. En misant sur la progression de cette discipline dans notre pays et sur des investissements soutenus, l\u2019Alg\u00e9rie aspire \u00e0 r\u00e9colter, dans les ann\u00e9es \u00e0 venir, davantage de m\u00e9dailles lors des championnats du monde.<\/div>\n<div style=\"text-align: right\"><\/div>\n<div style=\"text-align: right\"><strong>A. Badis<\/strong><\/div>\n","protected":false},"excerpt":{"rendered":"<p>Le karat\u00e9-do africain s\u2019inscrit dans une nouvelle dynamique en Alg\u00e9rie, o\u00f9 les ambitions sportives se conjuguent avec une volont\u00e9 de progr\u00e8s durable. La F\u00e9d\u00e9ration alg\u00e9rienne de karat\u00e9 (FAK) a officiellement annonc\u00e9 que notre pays accueille les Championnats d\u2019Afrique de karat\u00e9-do en septembre 2026. Cette annonce, valid\u00e9e par l\u2019Union africaine de la discipline, projette Alger sur &hellip;<\/p>\n","protected":false},"author":3,"featured_media":138187,"comment_status":"closed","ping_status":"closed","sticky":false,"template":"","format":"standard","meta":{"footnotes":""},"categories":[164,129],"tags":[],"class_list":["post-138154","post","type-post","status-publish","format-standard","has-post-thumbnail","hentry","category-arts-martiaux","category-omnisport"],"_links":{"self":[{"href":"https:\/\/planetesport.dz\/index.php?rest_route=\/wp\/v2\/posts\/138154","targetHints":{"allow":["GET"]}}],"collection":[{"href":"https:\/\/planetesport.dz\/index.php?rest_route=\/wp\/v2\/posts"}],"about":[{"href":"https:\/\/planetesport.dz\/index.php?rest_route=\/wp\/v2\/types\/post"}],"author":[{"embeddable":true,"href":"https:\/\/planetesport.dz\/index.php?rest_route=\/wp\/v2\/users\/3"}],"replies":[{"embeddable":true,"href":"https:\/\/planetesport.dz\/index.php?rest_route=%2Fwp%2Fv2%2Fcomments&post=138154"}],"version-history":[{"count":1,"href":"https:\/\/planetesport.dz\/index.php?rest_route=\/wp\/v2\/posts\/138154\/revisions"}],"predecessor-version":[{"id":138227,"href":"https:\/\/planetesport.dz\/index.php?rest_route=\/wp\/v2\/posts\/138154\/revisions\/138227"}],"wp:featuredmedia":[{"embeddable":true,"href":"https:\/\/planetesport.dz\/index.php?rest_route=\/wp\/v2\/media\/138187"}],"wp:attachment":[{"href":"https:\/\/planetesport.dz\/index.php?rest_route=%2Fwp%2Fv2%2Fmedia&parent=138154"}],"wp:term":[{"taxonomy":"category","embeddable":true,"href":"https:\/\/planetesport.dz\/index.php?rest_route=%2Fwp%2Fv2%2Fcategories&post=138154"},{"taxonomy":"post_tag","embeddable":true,"href":"https:\/\/planetesport.dz\/index.php?rest_route=%2Fwp%2Fv2%2Ftags&post=138154"}],"curies":[{"name":"wp","href":"https:\/\/api.w.org\/{rel}","templated":true}]}}