{"id":137085,"date":"2026-01-14T00:03:42","date_gmt":"2026-01-14T00:03:42","guid":{"rendered":"https:\/\/planetesport.dz\/?p=137085"},"modified":"2026-01-14T00:03:42","modified_gmt":"2026-01-14T00:03:42","slug":"le-president-de-la-federation-etablit-son-bilan","status":"publish","type":"post","link":"https:\/\/planetesport.dz\/?p=137085","title":{"rendered":"Le pr\u00e9sident de la F\u00e9d\u00e9ration \u00e9tablit son bilan\u00a0\u00a0"},"content":{"rendered":"<div>Une ann\u00e9e apr\u00e8s son \u00e9lection au poste du pr\u00e9sident de l\u2019instance supr\u00eame du karat\u00e9 alg\u00e9rien, R\u00e9da Benkadour a \u00e9tabli son bilan en remerciant l\u2019ensemble des membres de la famille du karat\u00e9 alg\u00e9rien pour la confiance plac\u00e9e en lui et en le bureau ex\u00e9cutif. Ce dernier a soulign\u00e9 que cette confiance repr\u00e9sentait un mandat et une mission, avant d\u2019\u00eatre un honneur, ainsi qu\u2019une responsabilit\u00e9 morale et nationale qu\u2019ils assumeraient avec sinc\u00e9rit\u00e9 et d\u00e9vouement. Le pr\u00e9sident a adress\u00e9 ses \u00e9gards particuliers aux athl\u00e8tes, entra\u00eeneurs, arbitres, membres du bureau ex\u00e9cutif, cadres et travailleurs de la f\u00e9d\u00e9ration, pr\u00e9sidents de ligues et clubs, commissions d\u2019organisation, d\u2019arbitrage et de communication, parents d\u2019athl\u00e8tes, ainsi qu\u2019\u00e0 toute personne contribuant \u00e0 hisser le drapeau du karat\u00e9 alg\u00e9rien.<\/div>\n<div><\/div>\n<div>Il a \u00e9voqu\u00e9 une premi\u00e8re ann\u00e9e de mandat marqu\u00e9e par des d\u00e9fis, notamment une situation financi\u00e8re complexe et des dettes importantes h\u00e9rit\u00e9es, qui ont ralenti l\u2019ex\u00e9cution du programme promis. N\u00e9anmoins, ces obstacles n\u2019ont pas entam\u00e9 la d\u00e9termination du bureau \u00e0 poursuivre la r\u00e9forme et la construction du karat\u00e9 alg\u00e9rien. Benkadour a r\u00e9affirm\u00e9 l\u2019engagement \u00e0 honorer toutes les promesses, \u00e0 affronter les obstacles et \u00e0 combattre les pratiques nuisant \u00e0 la discipline ou \u00e0 l\u2019int\u00e9r\u00eat national, garantissant que l\u2019Association alg\u00e9rienne de karat\u00e9 do resterait une institution propre, forte et prot\u00e9g\u00e9e par les valeurs nationales et l\u2019esprit sportif, loin des int\u00e9r\u00eats personnels. Il a pr\u00e9cis\u00e9 \u00eatre venu \u00e0 la pr\u00e9sidence uniquement pour servir le karat\u00e9 alg\u00e9rien et \u00e9lever le peuple alg\u00e9rien sur la sc\u00e8ne internationale, sans peur ni h\u00e9sitation, fid\u00e8le avant tout \u00e0 l\u2019Alg\u00e9rie et \u00e0 ses athl\u00e8tes. Pour l\u2019ann\u00e9e \u00e0 venir, il a exprim\u00e9 un optimisme marqu\u00e9, promettant une p\u00e9riode de rassemblement, de consolidation institutionnelle, de purification de l\u2019environnement du karat\u00e9 et d\u2019ouverture aux d\u00e9vou\u00e9s sinc\u00e8res. Benkadour a \u00e9galement remerci\u00e9 le ministre de la Jeunesse et des Sports pour son soutien continu, ainsi que l\u2019\u00c9tat alg\u00e9rien, toujours au service des sportifs d\u2019\u00e9lite et convaincu du r\u00f4le du sport dans l\u2019honneur et le prestige national. Il a conclu en appelant \u00e0 l\u2019unit\u00e9 et au d\u00e9vouement collectifs pour b\u00e2tir un karat\u00e9 alg\u00e9rien fort, uni et respectable.<\/div>\n<div><\/div>\n<div style=\"text-align: right\"><strong>K. M.<\/strong><\/div>\n","protected":false},"excerpt":{"rendered":"<p>Une ann\u00e9e apr\u00e8s son \u00e9lection au poste du pr\u00e9sident de l\u2019instance supr\u00eame du karat\u00e9 alg\u00e9rien, R\u00e9da Benkadour a \u00e9tabli son bilan en remerciant l\u2019ensemble des membres de la famille du karat\u00e9 alg\u00e9rien pour la confiance plac\u00e9e en lui et en le bureau ex\u00e9cutif. Ce dernier a soulign\u00e9 que cette confiance repr\u00e9sentait un mandat et une &hellip;<\/p>\n","protected":false},"author":3,"featured_media":137137,"comment_status":"closed","ping_status":"closed","sticky":false,"template":"","format":"standard","meta":{"footnotes":""},"categories":[164,129],"tags":[],"class_list":["post-137085","post","type-post","status-publish","format-standard","has-post-thumbnail","hentry","category-arts-martiaux","category-omnisport"],"_links":{"self":[{"href":"https:\/\/planetesport.dz\/index.php?rest_route=\/wp\/v2\/posts\/137085","targetHints":{"allow":["GET"]}}],"collection":[{"href":"https:\/\/planetesport.dz\/index.php?rest_route=\/wp\/v2\/posts"}],"about":[{"href":"https:\/\/planetesport.dz\/index.php?rest_route=\/wp\/v2\/types\/post"}],"author":[{"embeddable":true,"href":"https:\/\/planetesport.dz\/index.php?rest_route=\/wp\/v2\/users\/3"}],"replies":[{"embeddable":true,"href":"https:\/\/planetesport.dz\/index.php?rest_route=%2Fwp%2Fv2%2Fcomments&post=137085"}],"version-history":[{"count":1,"href":"https:\/\/planetesport.dz\/index.php?rest_route=\/wp\/v2\/posts\/137085\/revisions"}],"predecessor-version":[{"id":137173,"href":"https:\/\/planetesport.dz\/index.php?rest_route=\/wp\/v2\/posts\/137085\/revisions\/137173"}],"wp:featuredmedia":[{"embeddable":true,"href":"https:\/\/planetesport.dz\/index.php?rest_route=\/wp\/v2\/media\/137137"}],"wp:attachment":[{"href":"https:\/\/planetesport.dz\/index.php?rest_route=%2Fwp%2Fv2%2Fmedia&parent=137085"}],"wp:term":[{"taxonomy":"category","embeddable":true,"href":"https:\/\/planetesport.dz\/index.php?rest_route=%2Fwp%2Fv2%2Fcategories&post=137085"},{"taxonomy":"post_tag","embeddable":true,"href":"https:\/\/planetesport.dz\/index.php?rest_route=%2Fwp%2Fv2%2Ftags&post=137085"}],"curies":[{"name":"wp","href":"https:\/\/api.w.org\/{rel}","templated":true}]}}