{"id":136346,"date":"2026-01-06T22:45:29","date_gmt":"2026-01-06T22:45:29","guid":{"rendered":"https:\/\/planetesport.dz\/?p=136346"},"modified":"2026-01-06T22:45:29","modified_gmt":"2026-01-06T22:45:29","slug":"la-federation-revoit-son-calendrier","status":"publish","type":"post","link":"https:\/\/planetesport.dz\/?p=136346","title":{"rendered":"La F\u00e9d\u00e9ration revoit son calendrier"},"content":{"rendered":"<div>La F\u00e9d\u00e9ration alg\u00e9rienne de karat\u00e9-do a annonc\u00e9 avoir proc\u00e9d\u00e9 \u00e0 un r\u00e9am\u00e9nagement de la programmation des comp\u00e9titions nationales de la prochaine saison et informe, \u00e0 ce titre, l\u2019ensemble des ligues r\u00e9gionales et de wilaya, les clubs, les staffs techniques ainsi que les parents d\u2019athl\u00e8tes qu\u2019un nouveau calendrier est d\u00e9sormais arr\u00eat\u00e9 et qu\u2019il concerne principalement les cat\u00e9gories espoirs et jeunes, tant en kumite qu\u2019en kata individuel et par \u00e9quipes.<\/div>\n<div><\/div>\n<div><strong>Nouveaux horaires pour les championnats nationaux<\/strong><\/div>\n<div>S\u2019agissant de la cat\u00e9gorie espoirs, gar\u00e7ons et filles, en kata et en kumite, le Championnat national, initialement fix\u00e9 aux 9 et 10 janvier, est officiellement reprogramm\u00e9 pour les 5 et 6 f\u00e9vrier. Cette modification intervient apr\u00e8s de nombreuses sollicitations \u00e9manant des pr\u00e9sidents des clubs et des ligues, des entra\u00eeneurs et des parents, qui ont attir\u00e9 l\u2019attention sur la concomitance de la date initiale avec la p\u00e9riode des examens universitaires. La F\u00e9d\u00e9ration explique que ce report vise \u00e0 pr\u00e9server les int\u00e9r\u00eats des athl\u00e8tes inscrits dans le cursus acad\u00e9mique et \u00e0 garantir le principe d\u2019\u00e9galit\u00e9 des chances entre tous les concurrents, en \u00e9vitant de p\u00e9naliser ceux qui sont engag\u00e9s dans leurs \u00e9tudes. Pour ce qui est des jeunes cat\u00e9gories, gar\u00e7ons et filles, en kata individuel et par \u00e9quipes, la F\u00e9d\u00e9ration pr\u00e9cise que le Championnat national, qui devait se d\u00e9rouler courant f\u00e9vrier, est avanc\u00e9 et se tiendra finalement les 16 et 17 janvier. Cette d\u00e9cision r\u00e9pond \u00e0 la volont\u00e9 de densifier la comp\u00e9tition en d\u00e9but de saison et de permettre aux jeunes karat\u00e9kas de disposer d\u2019une meilleure visibilit\u00e9 sur leur calendrier sportif. La F\u00e9d\u00e9ration indique, par ailleurs, que l\u2019ensemble de ces \u00e9preuves aura lieu dans la wilaya de Sidi Bel-Abb\u00e8s, retenue comme h\u00f4te de ces rendez-vous nationaux en raison de ses infrastructures et de sa capacit\u00e9 organisationnelle.<\/div>\n<div><\/div>\n<div><strong>Les ligues et les clubs appel\u00e9s \u00e0 respecter les d\u00e9lais\u00a0<\/strong><\/div>\n<div>Afin d\u2019assurer le bon d\u00e9roulement de ces manifestations, l\u2019instance f\u00e9d\u00e9rale insiste sur la n\u00e9cessit\u00e9 de cl\u00f4turer toutes les comp\u00e9titions r\u00e9gionales au plus tard entre cette semaine et la suivante. Elle appelle les ligues et les clubs \u00e0 respecter scrupuleusement les d\u00e9lais afin de permettre la composition d\u00e9finitive des tableaux et la validation des qualifi\u00e9s. Le Comit\u00e9 technique national est, de son c\u00f4t\u00e9, invit\u00e9 \u00e0 veiller au respect du nouveau programme horaire et \u00e0 coordonner avec les structures techniques concern\u00e9es pour garantir une pr\u00e9paration organisationnelle optimale. La F\u00e9d\u00e9ration insiste sur l\u2019importance d\u2019une parfaite synchronisation entre les diff\u00e9rents acteurs afin d\u2019\u00e9viter tout chevauchement ou retard dans le d\u00e9roulement des \u00e9preuves.<\/div>\n<div>La F\u00e9d\u00e9ration alg\u00e9rienne de karat\u00e9-do rappelle enfin que ces ajustements de calendrier s\u2019inscrivent dans une d\u00e9marche globale visant \u00e0 am\u00e9liorer les conditions d\u2019organisation des comp\u00e9titions nationales, \u00e0 renforcer la base du karat\u00e9 \u00e0 travers une planification plus rationnelle et \u00e0 placer l\u2019athl\u00e8te au centre des priorit\u00e9s, en conciliant exigences sportives, imp\u00e9ratifs acad\u00e9miques et enjeux du sport national. Elle affirme qu\u2019elle poursuivra ce travail de r\u00e9vision et d\u2019adaptation chaque fois que n\u00e9cessaire, en concertation avec les acteurs de terrain, afin d\u2019offrir aux karat\u00e9kas un environnement propice \u00e0 la performance et \u00e0 la progression.<\/div>\n<div><\/div>\n<div style=\"text-align: right\"><strong>Walim Mansouri<\/strong><\/div>\n","protected":false},"excerpt":{"rendered":"<p>La F\u00e9d\u00e9ration alg\u00e9rienne de karat\u00e9-do a annonc\u00e9 avoir proc\u00e9d\u00e9 \u00e0 un r\u00e9am\u00e9nagement de la programmation des comp\u00e9titions nationales de la prochaine saison et informe, \u00e0 ce titre, l\u2019ensemble des ligues r\u00e9gionales et de wilaya, les clubs, les staffs techniques ainsi que les parents d\u2019athl\u00e8tes qu\u2019un nouveau calendrier est d\u00e9sormais arr\u00eat\u00e9 et qu\u2019il concerne principalement les &hellip;<\/p>\n","protected":false},"author":3,"featured_media":0,"comment_status":"closed","ping_status":"closed","sticky":false,"template":"","format":"standard","meta":{"footnotes":""},"categories":[164,129],"tags":[],"class_list":["post-136346","post","type-post","status-publish","format-standard","hentry","category-arts-martiaux","category-omnisport"],"_links":{"self":[{"href":"https:\/\/planetesport.dz\/index.php?rest_route=\/wp\/v2\/posts\/136346","targetHints":{"allow":["GET"]}}],"collection":[{"href":"https:\/\/planetesport.dz\/index.php?rest_route=\/wp\/v2\/posts"}],"about":[{"href":"https:\/\/planetesport.dz\/index.php?rest_route=\/wp\/v2\/types\/post"}],"author":[{"embeddable":true,"href":"https:\/\/planetesport.dz\/index.php?rest_route=\/wp\/v2\/users\/3"}],"replies":[{"embeddable":true,"href":"https:\/\/planetesport.dz\/index.php?rest_route=%2Fwp%2Fv2%2Fcomments&post=136346"}],"version-history":[{"count":1,"href":"https:\/\/planetesport.dz\/index.php?rest_route=\/wp\/v2\/posts\/136346\/revisions"}],"predecessor-version":[{"id":136425,"href":"https:\/\/planetesport.dz\/index.php?rest_route=\/wp\/v2\/posts\/136346\/revisions\/136425"}],"wp:attachment":[{"href":"https:\/\/planetesport.dz\/index.php?rest_route=%2Fwp%2Fv2%2Fmedia&parent=136346"}],"wp:term":[{"taxonomy":"category","embeddable":true,"href":"https:\/\/planetesport.dz\/index.php?rest_route=%2Fwp%2Fv2%2Fcategories&post=136346"},{"taxonomy":"post_tag","embeddable":true,"href":"https:\/\/planetesport.dz\/index.php?rest_route=%2Fwp%2Fv2%2Ftags&post=136346"}],"curies":[{"name":"wp","href":"https:\/\/api.w.org\/{rel}","templated":true}]}}