{"id":136345,"date":"2026-01-06T22:53:30","date_gmt":"2026-01-06T22:53:30","guid":{"rendered":"https:\/\/planetesport.dz\/?p=136345"},"modified":"2026-01-06T22:53:30","modified_gmt":"2026-01-06T22:53:30","slug":"les-selections-nationales-en-preparation-en-autriche","status":"publish","type":"post","link":"https:\/\/planetesport.dz\/?p=136345","title":{"rendered":"Les s\u00e9lections nationales en pr\u00e9paration en Autriche"},"content":{"rendered":"<p>La F\u00e9d\u00e9ration alg\u00e9rienne de judo (FAJ) a annonc\u00e9 que les s\u00e9lections nationales seniors, masculine et f\u00e9minine, ont entrepris un stage de pr\u00e9paration en Autriche, du 6 au 15 janvier, dans le cadre d\u2019un programme visant \u00e0 redonner \u00e0 l\u2019\u00e9quipe nationale son lustre d\u2019antan et \u00e0 renforcer ses chances sur les \u00e9ch\u00e9ances internationales \u00e0 venir. Ce d\u00e9placement s\u2019inscrit dans une logique de mont\u00e9e en puissance et de consolidation des acquis techniques, physiques et strat\u00e9giques n\u00e9cessaires pour rester comp\u00e9titive sur le circuit mondial. Avec une dizaine d\u2019athl\u00e8tes mobilis\u00e9s pour ce stage, l\u2019effectif national est compos\u00e9 de judokas tels que Dris Messaoud, Mustapha Yasser Bouamar, Lili Mohamed El-Mehdi et Amina Belkadi, qui forment le noyau avanc\u00e9 de la pr\u00e9paration. \u00c0 leurs c\u00f4t\u00e9s, l\u2019encadrement technique, l\u2019\u00e9quipe m\u00e9dicale et le staff administratif accompagnent la d\u00e9marche afin d\u2019assurer une pr\u00e9paration exhaustive et adapt\u00e9e aux objectifs fix\u00e9s par la FAJ. Le d\u00e9part vers l\u2019Autriche a \u00e9t\u00e9 pr\u00e9c\u00e9d\u00e9 d\u2019une s\u00e9ance de travail collectif r\u00e9unissant le pr\u00e9sident de la FAJ, Yacine Sillini, et l\u2019ensemble des responsables techniques. Cette r\u00e9union pr\u00e9alable a permis de clarifier les objectifs du stage : optimiser les capacit\u00e9s techniques et physiques des athl\u00e8tes, am\u00e9liorer leur endurance, leur r\u00e9activit\u00e9 et leur gestion des combats, et travailler sur des sc\u00e9narios tactiques adapt\u00e9s aux adversaires les plus redoutables du circuit international. L\u2019objectif principal est de tirer le meilleur profit de ce stage afin d\u2019\u00e9lever le niveau global de la s\u00e9lection et d\u2019accro\u00eetre les chances de r\u00e9ussite lors des prochaines comp\u00e9titions.<\/p>\n<p><strong>La FAJ mise sur une bonne pr\u00e9paration <\/strong><br \/>\nParmi les \u00e9ch\u00e9ances internationales \u00e0 venir, la FAJ vise notamment le Grand Slam de Paris, consid\u00e9r\u00e9 comme une \u00e9tape cl\u00e9 pour \u00e9valuer la progression de l\u2019\u00e9quipe et mesurer les progr\u00e8s r\u00e9alis\u00e9s pendant ce cycle de pr\u00e9paration. Le grand rendez-vous parisien rassemblera un grand nombre d\u2019athl\u00e8tes du monde entier et constituera une opportunit\u00e9 majeure pour les judokas alg\u00e9riens de d\u00e9montrer leur progression et leur capacit\u00e9 \u00e0 performer sous pression. En parall\u00e8le du stage en Autriche, la FAJ met l\u2019accent sur les objectifs \u00e0 moyen terme, notamment les Championnats d\u2019Afrique individuels 2026, pr\u00e9vus du 24 au 25 avril \u00e0 Nairobi, Kenya. Ces championnats repr\u00e9sentent une autre \u00e9tape strat\u00e9gique du plan de revitalisation, permettant de qualifier des athl\u00e8tes pour les comp\u00e9titions continentales et de tester les progr\u00e8s r\u00e9alis\u00e9s durant la pr\u00e9paration hivernale et printani\u00e8re.<br \/>\nEn r\u00e9sum\u00e9, ce stage en Autriche s\u2019inscrit dans une strat\u00e9gie globale visant \u00e0 rehausser le niveau des s\u00e9lections nationales masculine et f\u00e9minine seniors, \u00e0 pr\u00e9parer les athl\u00e8tes pour les \u00e9ch\u00e9ances internationales exigeantes et \u00e0 redonner au judo alg\u00e9rien son lustre d\u2019antan. La FAJ reste engag\u00e9e \u00e0 suivre de pr\u00e8s l\u2019\u00e9volution des performances, \u00e0 adapter les plans d\u2019entra\u00eenement et \u00e0 soutenir les champions en devenir dans leur qu\u00eate d\u2019excellence.<\/p>\n<p style=\"text-align: right\">\n<strong>Walim Mansouri<\/strong><\/p>\n","protected":false},"excerpt":{"rendered":"<p>La F\u00e9d\u00e9ration alg\u00e9rienne de judo (FAJ) a annonc\u00e9 que les s\u00e9lections nationales seniors, masculine et f\u00e9minine, ont entrepris un stage de pr\u00e9paration en Autriche, du 6 au 15 janvier, dans le cadre d\u2019un programme visant \u00e0 redonner \u00e0 l\u2019\u00e9quipe nationale son lustre d\u2019antan et \u00e0 renforcer ses chances sur les \u00e9ch\u00e9ances internationales \u00e0 venir. Ce &hellip;<\/p>\n","protected":false},"author":3,"featured_media":136399,"comment_status":"closed","ping_status":"closed","sticky":false,"template":"","format":"standard","meta":{"footnotes":""},"categories":[162,129],"tags":[],"class_list":["post-136345","post","type-post","status-publish","format-standard","has-post-thumbnail","hentry","category-judo","category-omnisport"],"_links":{"self":[{"href":"https:\/\/planetesport.dz\/index.php?rest_route=\/wp\/v2\/posts\/136345","targetHints":{"allow":["GET"]}}],"collection":[{"href":"https:\/\/planetesport.dz\/index.php?rest_route=\/wp\/v2\/posts"}],"about":[{"href":"https:\/\/planetesport.dz\/index.php?rest_route=\/wp\/v2\/types\/post"}],"author":[{"embeddable":true,"href":"https:\/\/planetesport.dz\/index.php?rest_route=\/wp\/v2\/users\/3"}],"replies":[{"embeddable":true,"href":"https:\/\/planetesport.dz\/index.php?rest_route=%2Fwp%2Fv2%2Fcomments&post=136345"}],"version-history":[{"count":1,"href":"https:\/\/planetesport.dz\/index.php?rest_route=\/wp\/v2\/posts\/136345\/revisions"}],"predecessor-version":[{"id":136437,"href":"https:\/\/planetesport.dz\/index.php?rest_route=\/wp\/v2\/posts\/136345\/revisions\/136437"}],"wp:featuredmedia":[{"embeddable":true,"href":"https:\/\/planetesport.dz\/index.php?rest_route=\/wp\/v2\/media\/136399"}],"wp:attachment":[{"href":"https:\/\/planetesport.dz\/index.php?rest_route=%2Fwp%2Fv2%2Fmedia&parent=136345"}],"wp:term":[{"taxonomy":"category","embeddable":true,"href":"https:\/\/planetesport.dz\/index.php?rest_route=%2Fwp%2Fv2%2Fcategories&post=136345"},{"taxonomy":"post_tag","embeddable":true,"href":"https:\/\/planetesport.dz\/index.php?rest_route=%2Fwp%2Fv2%2Ftags&post=136345"}],"curies":[{"name":"wp","href":"https:\/\/api.w.org\/{rel}","templated":true}]}}