{"id":135045,"date":"2025-12-26T23:30:18","date_gmt":"2025-12-26T23:30:18","guid":{"rendered":"https:\/\/planetesport.dz\/?p=135045"},"modified":"2025-12-26T23:30:18","modified_gmt":"2025-12-26T23:30:18","slug":"le-sept-national-senvolera-ce-matin-a-destination-de-la-republique-tcheque","status":"publish","type":"post","link":"https:\/\/planetesport.dz\/?p=135045","title":{"rendered":"Le Sept national s\u2019envolera ce matin \u00e0 destination de la R\u00e9publique Tch\u00e8que"},"content":{"rendered":"<div><strong>\u00c0 quelques semaines seulement du coup d\u2019envoi de la Coupe d\u2019Afrique des nations de handball, pr\u00e9vue \u00e0 Kigali, au Rwanda, la s\u00e9lection nationale alg\u00e9rienne entre dans la phase d\u00e9cisive de sa pr\u00e9paration.\u00a0<\/strong><\/div>\n<div><\/div>\n<div>Conscient de l\u2019importance de ce rendez-vous continental, le staff technique a mis en place un programme intensif et structur\u00e9 afin de permettre aux joueurs d\u2019aborder la CAN dans les meilleures conditions possibles, aussi bien sur le plan physique que tactique. Le travail envisag\u00e9 vise \u00e0 optimiser l\u2019endurance, la vitesse, l\u2019agilit\u00e9 et la pr\u00e9cision des gestes techniques, tout en renfor\u00e7ant les automatismes collectifs et la coordination entre les diff\u00e9rents compartiments de l\u2019\u00e9quipe. Cette approche globale se veut \u00e9quilibr\u00e9e entre les s\u00e9ances physiques, les s\u00e9ances de mise en situation et les phases de recalage tactique, afin d\u2019obtenir une coh\u00e9sion optimale d\u00e8s les premiers matchs de la comp\u00e9tition continentale.<\/div>\n<div><\/div>\n<div>La s\u00e9lection nationale de handball s\u2019envolera donc ce matin, depuis Alger, \u00e0 destination de la R\u00e9publique tch\u00e8que o\u00f9 elle effectuera un stage de pr\u00e9paration capital, dans le cadre de la derni\u00e8re ligne droite avant la CAN. Ce regroupement en Europe constitue l\u2019ultime stage de pr\u00e9paration \u00e0 l\u2019\u00e9tranger avant la comp\u00e9tition continentale, pr\u00e9vue du 21 au 31 janvier prochain \u00e0 Kigali. Dirig\u00e9e par le s\u00e9lectionneur national, Salah Bouchekriou, la d\u00e9l\u00e9gation alg\u00e9rienne b\u00e9n\u00e9ficie cette fois de la pr\u00e9sence de l\u2019ensemble de ses joueurs, y compris ceux \u00e9voluant dans les diff\u00e9rents championnats europ\u00e9ens. Un avantage non n\u00e9gligeable, rendu possible gr\u00e2ce \u00e0 la co\u00efncidence de ce stage avec la fen\u00eatre internationale IHF, permettant ainsi au staff de travailler avec un groupe au complet et de fluidifier les \u00e9changes entre les joueurs \u00e9voluant dans des environnements comp\u00e9titifs vari\u00e9s. L\u2019objectif de ce regroupement est d\u2019effectuer un travail de fond, de renforcer les automatismes, d\u2019am\u00e9liorer la coh\u00e9sion du groupe et de peaufiner les derniers r\u00e9glages tactiques en vue de la CAN, tout en testant des variantes et des combinaisons susceptibles d\u2019apporter un plus lors des rencontres contre les meilleures \u00e9quipes du continent.<\/div>\n<div><\/div>\n<div><strong>Un stage qui s\u2019\u00e9talera jusqu\u2019au 2 janvier\u00a0\u00a0<\/strong><\/div>\n<div>Le stage en R\u00e9publique tch\u00e8que durera jusqu\u2019au 2 janvier prochain. Il sera ponctu\u00e9 par deux matchs amicaux, comme l\u2019a d\u00e9j\u00e0 confi\u00e9 le s\u00e9lectionneur national. Les Verts devraient affronter la s\u00e9lection tch\u00e8que, mais \u00e9galement une autre \u00e9quipe locale \u00e9voluant dans le championnat national, r\u00e9put\u00e9e pour son bon niveau et capable d\u2019offrir une opposition s\u00e9rieuse et instructive. Ces rencontres permettront \u00e0 Salah Bouchekriou de mettre en place son dispositif de jeu, de tester de nouvelles variantes tactiques et surtout d\u2019\u00e9valuer les joueurs r\u00e9cemment int\u00e9gr\u00e9s au groupe afin de sonder leur adaptabilit\u00e9 et leur capacit\u00e9 \u00e0 s\u2019int\u00e9grer rapidement. L\u2019objectif est d\u2019\u00e9largir la base de l\u2019\u00e9quipe nationale, car \u00e0 ce niveau de comp\u00e9tition, la profondeur de banc est un facteur d\u00e9terminant dans le handball moderne. Disposer de rempla\u00e7ants de qualit\u00e9 capables d\u2019apporter un r\u00e9el plus au collectif sera indispensable pour esp\u00e9rer aller le plus loin possible dans cette CAN, tout en pr\u00e9servant le niveau de performance des titulaires.<\/div>\n<div><\/div>\n<div><strong>Les Verts encha\u00eeneront un autre stage en Slov\u00e9nie<\/strong><\/div>\n<div>Juste apr\u00e8s la fin du stage en R\u00e9publique tch\u00e8que, les joueurs de la s\u00e9lection nationale s\u2019envoleront directement vers la Slov\u00e9nie, o\u00f9 un second stage de pr\u00e9paration est programm\u00e9, du 3 au 14 janvier prochain.<\/div>\n<div>Ce regroupement sera encore plus dense, puisqu\u2019il sera ponctu\u00e9 par 5 matchs amicaux contre des \u00e9quipes locales et r\u00e9gionales reconnues pour leur pr\u00e9paration rigoureuse et leur comp\u00e9titivit\u00e9. La s\u00e9lection alg\u00e9rienne y affrontera plusieurs \u00e9quipes locales de bon niveau, offrant ainsi une opposition vari\u00e9e et relev\u00e9e qui permettra d\u2019\u00e9prouver diff\u00e9rentes configurations tactiques et de tester la capacit\u00e9 du collectif \u00e0 encha\u00eener les efforts intenses sur une p\u00e9riode prolong\u00e9e. Ces rencontres serviront \u00e0 confirmer les choix du staff technique, \u00e0 renforcer la coh\u00e9sion du groupe et \u00e0 am\u00e9liorer la capacit\u00e9 des joueurs \u00e0 encha\u00eener les matchs \u00e0 haute intensit\u00e9, un param\u00e8tre essentiel dans une comp\u00e9tition comme la CAN, o\u00f9 la constance sur plusieurs matchs est cruciale.<\/div>\n<div><\/div>\n<div><strong>Retour \u00e0 Alger le 14 janvier\u00a0\u00a0<\/strong><\/div>\n<div>\u00c0 l\u2019issue de ces deux stages intensifs en Europe, les Verts feront leur retour \u00e0 Alger le 14 janvier prochain. Le s\u00e9jour au pays sera de courte dur\u00e9e, puisque la s\u00e9lection nationale ne disposera que de 48 heures avant de s\u2019envoler pour Kigali. Le d\u00e9part pour le Rwanda est pr\u00e9vu pour le 16 janvier au soir, soit 6 jours avant le coup d\u2019envoi officiel de la Coupe d\u2019Afrique des nations. C\u2019est \u00e0 ce moment-l\u00e0 que la F\u00e9d\u00e9ration alg\u00e9rienne de handball devrait organiser une zone mixte avec les m\u00e9dias afin de faire le point sur la pr\u00e9paration et d\u2019\u00e9voquer les objectifs fix\u00e9s pour cette comp\u00e9tition continentale. Cette courte p\u00e9riode au pays sera cruciale pour peaufiner les d\u00e9tails logistiques et m\u00e9diatiques, ainsi que pour affirmer les intentions collectives et les messages cl\u00e9s adress\u00e9s \u00e0 l\u2019opinion publique et aux partenaires techniques et sportifs.<\/div>\n<div><\/div>\n<div><strong>La qualification au Mondial en ligne de mire<\/strong><\/div>\n<div>Pour le s\u00e9lectionneur national, Salah Bouchekriou, l\u2019objectif principal est de d\u00e9crocher une qualification pour le prochain Championnat du monde. Cette ambition constitue la priorit\u00e9 absolue du staff technique et des joueurs, m\u00eame si l\u2019envie d\u2019atteindre le dernier carr\u00e9, voire mieux, reste bien pr\u00e9sente. Lors de la pr\u00e9c\u00e9dente \u00e9dition, la s\u00e9lection nationale avait r\u00e9alis\u00e9 un parcours remarquable en atteignant la finale de la CAN disput\u00e9e en \u00c9gypte, terminant vice-championne d\u2019Afrique. Un r\u00e9sultat qui reste une r\u00e9f\u00e9rence et une source de motivation pour les Verts, d\u00e9termin\u00e9s \u00e0 confirmer leur statut sur la sc\u00e8ne continentale. Cependant, le s\u00e9lectionneur insiste sur la n\u00e9cessit\u00e9 de r\u00e9ussir toute la pr\u00e9paration, condition indispensable pour esp\u00e9rer aller loin dans une comp\u00e9tition aussi exigeante. En somme, la CAN servirait de tremplin non seulement pour la gloire continentale, mais aussi comme \u00e9tape cl\u00e9 vers la qualification mondiale, qui demeure l\u2019objectif ultime du programme ambitieux de l\u2019\u00e9quipe nationale.<\/div>\n<div><\/div>\n<div style=\"text-align: right\"><strong>A.A.<\/strong><\/div>\n","protected":false},"excerpt":{"rendered":"<p>\u00c0 quelques semaines seulement du coup d\u2019envoi de la Coupe d\u2019Afrique des nations de handball, pr\u00e9vue \u00e0 Kigali, au Rwanda, la s\u00e9lection nationale alg\u00e9rienne entre dans la phase d\u00e9cisive de sa pr\u00e9paration.\u00a0 Conscient de l\u2019importance de ce rendez-vous continental, le staff technique a mis en place un programme intensif et structur\u00e9 afin de permettre aux &hellip;<\/p>\n","protected":false},"author":3,"featured_media":135090,"comment_status":"closed","ping_status":"closed","sticky":false,"template":"","format":"standard","meta":{"footnotes":""},"categories":[160,129],"tags":[],"class_list":["post-135045","post","type-post","status-publish","format-standard","has-post-thumbnail","hentry","category-handball","category-omnisport"],"_links":{"self":[{"href":"https:\/\/planetesport.dz\/index.php?rest_route=\/wp\/v2\/posts\/135045","targetHints":{"allow":["GET"]}}],"collection":[{"href":"https:\/\/planetesport.dz\/index.php?rest_route=\/wp\/v2\/posts"}],"about":[{"href":"https:\/\/planetesport.dz\/index.php?rest_route=\/wp\/v2\/types\/post"}],"author":[{"embeddable":true,"href":"https:\/\/planetesport.dz\/index.php?rest_route=\/wp\/v2\/users\/3"}],"replies":[{"embeddable":true,"href":"https:\/\/planetesport.dz\/index.php?rest_route=%2Fwp%2Fv2%2Fcomments&post=135045"}],"version-history":[{"count":1,"href":"https:\/\/planetesport.dz\/index.php?rest_route=\/wp\/v2\/posts\/135045\/revisions"}],"predecessor-version":[{"id":135136,"href":"https:\/\/planetesport.dz\/index.php?rest_route=\/wp\/v2\/posts\/135045\/revisions\/135136"}],"wp:featuredmedia":[{"embeddable":true,"href":"https:\/\/planetesport.dz\/index.php?rest_route=\/wp\/v2\/media\/135090"}],"wp:attachment":[{"href":"https:\/\/planetesport.dz\/index.php?rest_route=%2Fwp%2Fv2%2Fmedia&parent=135045"}],"wp:term":[{"taxonomy":"category","embeddable":true,"href":"https:\/\/planetesport.dz\/index.php?rest_route=%2Fwp%2Fv2%2Fcategories&post=135045"},{"taxonomy":"post_tag","embeddable":true,"href":"https:\/\/planetesport.dz\/index.php?rest_route=%2Fwp%2Fv2%2Ftags&post=135045"}],"curies":[{"name":"wp","href":"https:\/\/api.w.org\/{rel}","templated":true}]}}