{"id":133406,"date":"2025-12-14T22:30:28","date_gmt":"2025-12-14T22:30:28","guid":{"rendered":"https:\/\/planetesport.dz\/?p=133406"},"modified":"2025-12-14T22:30:28","modified_gmt":"2025-12-14T22:30:28","slug":"belaid-prendra-part-a-la-prochaine-can","status":"publish","type":"post","link":"https:\/\/planetesport.dz\/?p=133406","title":{"rendered":"Bela\u00efd prendra part \u00e0 la prochaine CAN"},"content":{"rendered":"<p>Le d\u00e9fenseur de la JSK, Zinedine Bela\u00efd, prendra part \u00e0 la prochaine CAN qui se d\u00e9roulera au Maroc cet hiver. Une convocation bien m\u00e9rit\u00e9e pour le joueur, vu ses belles prestations avec la JSK depuis le d\u00e9but de l&rsquo;exercice en cours. Appel\u00e9 au dernier stage effectu\u00e9 par les Verts, le d\u00e9fenseur de la JSK a bien saisi sa chance. Ayant d\u00e9montr\u00e9 de belles choses lors des matchs amicaux jou\u00e9s, cela lui a permis de gagner la confiance du s\u00e9lectionneur national Vladimir Petkovi\u0107. Ce dernier a mentionn\u00e9 son nom pour qu&rsquo;il soit concern\u00e9 par cette CAN qu&rsquo;abritera le Maroc. Apr\u00e8s avoir atteint son premier objectif de se trouver \u00e0 la CAN, Bela\u00efd visera maintenant \u00e0 s&rsquo;illustrer dans cette comp\u00e9tition continentale. M\u00eame si la concurrence est grande \u00e0 son poste, gagner une place de titulaire reste un objectif pour lui. Selon plusieurs observateurs, il poss\u00e8de toutes les qualit\u00e9s pour s&rsquo;illustrer en s\u00e9lection. \u00c0 rappeler enfin que le joueur avait d\u00e9clar\u00e9 \u00e0 son arriv\u00e9e \u00e0 la JSK qu&rsquo;il visait \u00e0 retrouver la s\u00e9lection. Chose faite, puisqu&rsquo;il fait partie des joueurs qui repr\u00e9senteront le pays dans ce grand \u00e9v\u00e9nement continental.<\/p>\n","protected":false},"excerpt":{"rendered":"<p>Le d\u00e9fenseur de la JSK, Zinedine Bela\u00efd, prendra part \u00e0 la prochaine CAN qui se d\u00e9roulera au Maroc cet hiver. Une convocation bien m\u00e9rit\u00e9e pour le joueur, vu ses belles prestations avec la JSK depuis le d\u00e9but de l&rsquo;exercice en cours. Appel\u00e9 au dernier stage effectu\u00e9 par les Verts, le d\u00e9fenseur de la JSK a &hellip;<\/p>\n","protected":false},"author":3,"featured_media":130100,"comment_status":"closed","ping_status":"closed","sticky":false,"template":"","format":"standard","meta":{"footnotes":""},"categories":[127],"tags":[],"class_list":["post-133406","post","type-post","status-publish","format-standard","has-post-thumbnail","hentry","category-football-algerien"],"_links":{"self":[{"href":"https:\/\/planetesport.dz\/index.php?rest_route=\/wp\/v2\/posts\/133406","targetHints":{"allow":["GET"]}}],"collection":[{"href":"https:\/\/planetesport.dz\/index.php?rest_route=\/wp\/v2\/posts"}],"about":[{"href":"https:\/\/planetesport.dz\/index.php?rest_route=\/wp\/v2\/types\/post"}],"author":[{"embeddable":true,"href":"https:\/\/planetesport.dz\/index.php?rest_route=\/wp\/v2\/users\/3"}],"replies":[{"embeddable":true,"href":"https:\/\/planetesport.dz\/index.php?rest_route=%2Fwp%2Fv2%2Fcomments&post=133406"}],"version-history":[{"count":1,"href":"https:\/\/planetesport.dz\/index.php?rest_route=\/wp\/v2\/posts\/133406\/revisions"}],"predecessor-version":[{"id":133497,"href":"https:\/\/planetesport.dz\/index.php?rest_route=\/wp\/v2\/posts\/133406\/revisions\/133497"}],"wp:featuredmedia":[{"embeddable":true,"href":"https:\/\/planetesport.dz\/index.php?rest_route=\/wp\/v2\/media\/130100"}],"wp:attachment":[{"href":"https:\/\/planetesport.dz\/index.php?rest_route=%2Fwp%2Fv2%2Fmedia&parent=133406"}],"wp:term":[{"taxonomy":"category","embeddable":true,"href":"https:\/\/planetesport.dz\/index.php?rest_route=%2Fwp%2Fv2%2Fcategories&post=133406"},{"taxonomy":"post_tag","embeddable":true,"href":"https:\/\/planetesport.dz\/index.php?rest_route=%2Fwp%2Fv2%2Ftags&post=133406"}],"curies":[{"name":"wp","href":"https:\/\/api.w.org\/{rel}","templated":true}]}}