{"id":131941,"date":"2025-12-02T21:19:10","date_gmt":"2025-12-02T21:19:10","guid":{"rendered":"https:\/\/planetesport.dz\/?p=131941"},"modified":"2025-12-02T21:19:10","modified_gmt":"2025-12-02T21:19:10","slug":"fornaroli-et-verschoor-les-nouveaux-visages-du-projet-papaya","status":"publish","type":"post","link":"https:\/\/planetesport.dz\/?p=131941","title":{"rendered":"Fornaroli et Verschoor, les nouveaux visages du projet Papaya"},"content":{"rendered":"<p>McLaren renforce son programme de d\u00e9veloppement en misant sur deux valeurs s\u00fbres de la F2. L\u2019\u00e9curie de Woking a officialis\u00e9 l\u2019arriv\u00e9e de Leonardo Fornaroli, tout juste couronn\u00e9 champion de Formule 2, ainsi que celle du N\u00e9erlandais Richard Verschoor, qui retrouve un cadre de formation apr\u00e8s son passage dans la fili\u00e8re Red Bull. \u00ab Je suis extr\u00eamement fier de rejoindre le McLaren Driver Development Programme apr\u00e8s une nouvelle saison couronn\u00e9e de succ\u00e8s, explique Fornaroli. Remporter les titres FIA en F3 puis en F2 fut une \u00e9tape essentielle dans mon parcours. J\u2019esp\u00e8re d\u00e9sormais atteindre mon objectif ultime : courir au plus haut niveau. \u00bb Verschoor partage le m\u00eame enthousiasme : \u00ab C\u2019est un moment sp\u00e9cial. Je suis reconnaissant envers McLaren pour la confiance accord\u00e9e et impatient de travailler intens\u00e9ment avec l\u2019\u00e9quipe. \u00bb McLaren ne s\u2019arr\u00eate pas l\u00e0 : la structure britannique mise aussi sur l\u2019avenir en int\u00e9grant le jeune kartman espagnol Christian Costoya, qui d\u00e9butera d\u00e8s janvier en F4 Middle East. Ce renforcement tombe au moment o\u00f9 McLaren pr\u00e9pare \u00e9galement son arriv\u00e9e en WEC Hypercar tout en poursuivant son engagement en IndyCar. Une strat\u00e9gie globale qui confirme l\u2019ambition de Woking de b\u00e2tir une fili\u00e8re solide et durable.<\/p>\n<p style=\"text-align: right\">\n<strong>Amayas LAAZIB<\/strong><\/p>\n","protected":false},"excerpt":{"rendered":"<p>McLaren renforce son programme de d\u00e9veloppement en misant sur deux valeurs s\u00fbres de la F2. L\u2019\u00e9curie de Woking a officialis\u00e9 l\u2019arriv\u00e9e de Leonardo Fornaroli, tout juste couronn\u00e9 champion de Formule 2, ainsi que celle du N\u00e9erlandais Richard Verschoor, qui retrouve un cadre de formation apr\u00e8s son passage dans la fili\u00e8re Red Bull. \u00ab Je suis &hellip;<\/p>\n","protected":false},"author":3,"featured_media":131998,"comment_status":"closed","ping_status":"closed","sticky":false,"template":"","format":"standard","meta":{"footnotes":""},"categories":[157],"tags":[],"class_list":["post-131941","post","type-post","status-publish","format-standard","has-post-thumbnail","hentry","category-motosports"],"_links":{"self":[{"href":"https:\/\/planetesport.dz\/index.php?rest_route=\/wp\/v2\/posts\/131941","targetHints":{"allow":["GET"]}}],"collection":[{"href":"https:\/\/planetesport.dz\/index.php?rest_route=\/wp\/v2\/posts"}],"about":[{"href":"https:\/\/planetesport.dz\/index.php?rest_route=\/wp\/v2\/types\/post"}],"author":[{"embeddable":true,"href":"https:\/\/planetesport.dz\/index.php?rest_route=\/wp\/v2\/users\/3"}],"replies":[{"embeddable":true,"href":"https:\/\/planetesport.dz\/index.php?rest_route=%2Fwp%2Fv2%2Fcomments&post=131941"}],"version-history":[{"count":1,"href":"https:\/\/planetesport.dz\/index.php?rest_route=\/wp\/v2\/posts\/131941\/revisions"}],"predecessor-version":[{"id":132028,"href":"https:\/\/planetesport.dz\/index.php?rest_route=\/wp\/v2\/posts\/131941\/revisions\/132028"}],"wp:featuredmedia":[{"embeddable":true,"href":"https:\/\/planetesport.dz\/index.php?rest_route=\/wp\/v2\/media\/131998"}],"wp:attachment":[{"href":"https:\/\/planetesport.dz\/index.php?rest_route=%2Fwp%2Fv2%2Fmedia&parent=131941"}],"wp:term":[{"taxonomy":"category","embeddable":true,"href":"https:\/\/planetesport.dz\/index.php?rest_route=%2Fwp%2Fv2%2Fcategories&post=131941"},{"taxonomy":"post_tag","embeddable":true,"href":"https:\/\/planetesport.dz\/index.php?rest_route=%2Fwp%2Fv2%2Ftags&post=131941"}],"curies":[{"name":"wp","href":"https:\/\/api.w.org\/{rel}","templated":true}]}}