{"id":131862,"date":"2025-12-01T22:46:49","date_gmt":"2025-12-01T22:46:49","guid":{"rendered":"https:\/\/planetesport.dz\/?p=131862"},"modified":"2025-12-01T22:46:49","modified_gmt":"2025-12-01T22:46:49","slug":"1200-coureurs-a-la-13e-edition-du-semi-marathon-de-mascara","status":"publish","type":"post","link":"https:\/\/planetesport.dz\/?p=131862","title":{"rendered":"1200 coureurs \u00e0 la 13e \u00e9dition du Semi-marathon de Mascara"},"content":{"rendered":"<p>\u00c0 l\u2019occasion de la comm\u00e9moration du 193e anniversaire du serment d&rsquo;all\u00e9geance \u00e0 l&rsquo;\u00c9mir Abdelkader, la ville de Mascara a organis\u00e9, vendredi dernier, la 13e \u00e9dition du Semi-marathon national, qui a regroup\u00e9 1200 coureurs. Un \u00e9v\u00e9nement sportif majeur, organis\u00e9 chaque ann\u00e9e et ouvert aux amateurs et aux professionnels venus de tous les coins du pays. Cet \u00e9v\u00e9nement a \u00e9t\u00e9 mis sur pied par la Ligue d\u2019athl\u00e9tisme de Mascara, sous l&rsquo;\u00e9gide du minist\u00e8re des Sports et en collaboration avec la F\u00e9d\u00e9ration alg\u00e9rienne d&rsquo;athl\u00e9tisme, la wilaya et la DJS de Mascara, ainsi que la Ligue de Mascara du sport scolaire. Il s\u2019inscrit dans le cadre de la vision commune ayant pour objectif de promouvoir la course \u00e0 pied et d\u2019encourager la participation du public aux \u00e9v\u00e9nements sportifs ouverts \u00e0 tous. La ville de l&rsquo;\u00c9mir Abdelkader a donc, une fois de plus, accueilli un nombre important de coureurs lors de cette course \u00e0 pied qui allie sport et c\u00e9l\u00e9bration de la m\u00e9moire nationale, avec l&rsquo;espoir que cette \u00e9dition s&rsquo;inscrive dans la continuit\u00e9 d&rsquo;une tradition couronn\u00e9e de succ\u00e8s depuis de nombreuses ann\u00e9es.<\/p>\n<p>La course, officiellement lanc\u00e9e par le wali, Fouad A\u00efssi, en pr\u00e9sence du pr\u00e9sident de l&rsquo;APC de Mascara, de repr\u00e9sentants des forces de s\u00e9curit\u00e9 et militaires, de d\u00e9put\u00e9s des deux chambres, du repr\u00e9sentant local du M\u00e9diateur et des autorit\u00e9s locales de la ville de Ghris, a pris son d\u00e9part au pied de l&rsquo;Arbre d&rsquo;El-Dardara, dans la municipalit\u00e9 de Ghris, pour s&rsquo;achever sur la Place de la vie paisible, au c\u0153ur de la ville de Mascara, sur une distance de 21 kilom\u00e8tres. Ce d\u00e9part a \u00e9t\u00e9 donn\u00e9 dans une ambiance tr\u00e8s comp\u00e9titive et parfaitement organis\u00e9e, confirmant l&rsquo;importance accord\u00e9e \u00e0 l&rsquo;\u00e9v\u00e9nement par les autorit\u00e9s locales. Le parcours a \u00e9t\u00e9 s\u00e9curis\u00e9 par les organisateurs et les services de s\u00e9curit\u00e9, avec le soutien de la Direction de la jeunesse et des sports, du Croissant-Rouge alg\u00e9rien et des \u00e9quipes de la Protection civile. La comp\u00e9tition a concern\u00e9 aussi bien des amateurs que des professionnels sp\u00e9cialis\u00e9s dans les courses longues et semi-longues, dans les cat\u00e9gories seniors et v\u00e9t\u00e9rans (de 18 ans \u00e0 plus de 60 ans), repr\u00e9sentant 37 wilayas. Par ailleurs, l\u2019\u00e9v\u00e9nement a attir\u00e9 un large public venu de diff\u00e9rentes r\u00e9gions de la wilaya.<\/p>\n<p>Chez les hommes, les coureurs de l\u2019\u00e9quipe nationale militaire de Blida ont rafl\u00e9 les dix premi\u00e8res places, tandis que chez les femmes, les athl\u00e8tes des wilayas d\u2019Alger et de Chlef se sont partag\u00e9s les dix premi\u00e8res positions. Dans les cat\u00e9gories des plus de 40 ans et des plus de 50 ans, les athl\u00e8tes des wilayas d\u2019A\u00efn Defla et de Sidi Bel-Abb\u00e8s ont monopolis\u00e9 les dix premi\u00e8res places. Dans la cat\u00e9gorie des v\u00e9t\u00e9rans, les athl\u00e8tes de Bouira se sont distingu\u00e9s en remportant les cinq premi\u00e8res places. En plus des prix attribu\u00e9s aux vainqueurs, d\u2019autres r\u00e9compenses ont \u00e9t\u00e9 d\u00e9cern\u00e9es pour les dix participants \u00e2g\u00e9s de plus de 60 ans, en reconnaissance de leur engagement dans cette manifestation sportive.<\/p>\n<p>Le wali de Mascara, Fouad A\u00efssi, a salu\u00e9 dans sa d\u00e9claration \u00e0 la presse les efforts des institutions publiques, des deux ligues de wilaya (athl\u00e9tisme et sport scolaire), ainsi que des associations locales qui ont contribu\u00e9 au succ\u00e8s et \u00e0 la bonne organisation de cette manifestation. En marge de cette journ\u00e9e comm\u00e9morative de la \u00ab Moubay\u00e2a \u00bb \u00e0 l\u2019\u00c9mir Abdelkader (27 novembre 1832), les organisateurs ont pr\u00e9vu une s\u00e9rie d\u2019activit\u00e9s riches et vari\u00e9es, et ce en pr\u00e9sence de la ministre de la Culture, Bendouda, et de hauts responsables locaux. Ils ont voulu que l\u2019hommage \u00e0 l\u2019\u00c9mir ne se r\u00e9sume pas \u00e0 une simple manifestation sportive, mais devrait mettre en valeur son h\u00e9ritage en tant que b\u00e2tisseur de l\u2019\u00c9tat et pilier de la r\u00e9sistance. Cela implique des actions palpables pour ancrer cette m\u00e9moire dans l\u2019esprit des g\u00e9n\u00e9rations futures.<\/p>\n<p style=\"text-align: right\">\n<strong>Par B. Sadek<\/strong><\/p>\n","protected":false},"excerpt":{"rendered":"<p>\u00c0 l\u2019occasion de la comm\u00e9moration du 193e anniversaire du serment d&rsquo;all\u00e9geance \u00e0 l&rsquo;\u00c9mir Abdelkader, la ville de Mascara a organis\u00e9, vendredi dernier, la 13e \u00e9dition du Semi-marathon national, qui a regroup\u00e9 1200 coureurs. Un \u00e9v\u00e9nement sportif majeur, organis\u00e9 chaque ann\u00e9e et ouvert aux amateurs et aux professionnels venus de tous les coins du pays. Cet &hellip;<\/p>\n","protected":false},"author":3,"featured_media":131883,"comment_status":"closed","ping_status":"closed","sticky":false,"template":"","format":"standard","meta":{"footnotes":""},"categories":[158,129],"tags":[],"class_list":["post-131862","post","type-post","status-publish","format-standard","has-post-thumbnail","hentry","category-athletisme","category-omnisport"],"_links":{"self":[{"href":"https:\/\/planetesport.dz\/index.php?rest_route=\/wp\/v2\/posts\/131862","targetHints":{"allow":["GET"]}}],"collection":[{"href":"https:\/\/planetesport.dz\/index.php?rest_route=\/wp\/v2\/posts"}],"about":[{"href":"https:\/\/planetesport.dz\/index.php?rest_route=\/wp\/v2\/types\/post"}],"author":[{"embeddable":true,"href":"https:\/\/planetesport.dz\/index.php?rest_route=\/wp\/v2\/users\/3"}],"replies":[{"embeddable":true,"href":"https:\/\/planetesport.dz\/index.php?rest_route=%2Fwp%2Fv2%2Fcomments&post=131862"}],"version-history":[{"count":1,"href":"https:\/\/planetesport.dz\/index.php?rest_route=\/wp\/v2\/posts\/131862\/revisions"}],"predecessor-version":[{"id":131931,"href":"https:\/\/planetesport.dz\/index.php?rest_route=\/wp\/v2\/posts\/131862\/revisions\/131931"}],"wp:featuredmedia":[{"embeddable":true,"href":"https:\/\/planetesport.dz\/index.php?rest_route=\/wp\/v2\/media\/131883"}],"wp:attachment":[{"href":"https:\/\/planetesport.dz\/index.php?rest_route=%2Fwp%2Fv2%2Fmedia&parent=131862"}],"wp:term":[{"taxonomy":"category","embeddable":true,"href":"https:\/\/planetesport.dz\/index.php?rest_route=%2Fwp%2Fv2%2Fcategories&post=131862"},{"taxonomy":"post_tag","embeddable":true,"href":"https:\/\/planetesport.dz\/index.php?rest_route=%2Fwp%2Fv2%2Ftags&post=131862"}],"curies":[{"name":"wp","href":"https:\/\/api.w.org\/{rel}","templated":true}]}}