{"id":131826,"date":"2025-12-01T22:32:44","date_gmt":"2025-12-01T22:32:44","guid":{"rendered":"https:\/\/planetesport.dz\/?p=131826"},"modified":"2025-12-01T22:32:44","modified_gmt":"2025-12-01T22:32:44","slug":"un-boycott-qui-avait-surpris-la-direction","status":"publish","type":"post","link":"https:\/\/planetesport.dz\/?p=131826","title":{"rendered":"Un boycott qui avait surpris la direction"},"content":{"rendered":"<div>La semaine derni\u00e8re, alors que l\u2019\u00e9quipe s\u2019envolait pour disputer un match de Coupe de la CAF au Maroc, le d\u00e9fenseur central avait choisi de ne pas accompagner ses co\u00e9quipiers, et ce, sans le feu vert de la direction. Une d\u00e9cision unilat\u00e9rale dont les raisons pr\u00e9cises n\u2019ont pas \u00e9t\u00e9 officiellement clarifi\u00e9es, m\u00eame si plusieurs sources internes \u00e9voquaient un malaise entre le joueur et une partie des supporters.<\/div>\n<div>Ce geste avait naturellement provoqu\u00e9 un certain \u00e9moi au sein du club, d\u2019autant plus que l\u2019USMA vit une p\u00e9riode dense sur le plan sportif. Le comportement d\u2019Alilet pouvait laisser pr\u00e9sager des tensions avec la direction ou le staff.<\/div>\n<div><\/div>\n<div style=\"text-align: right\"><strong>Nassim A.<\/strong><\/div>\n","protected":false},"excerpt":{"rendered":"<p>La semaine derni\u00e8re, alors que l\u2019\u00e9quipe s\u2019envolait pour disputer un match de Coupe de la CAF au Maroc, le d\u00e9fenseur central avait choisi de ne pas accompagner ses co\u00e9quipiers, et ce, sans le feu vert de la direction. Une d\u00e9cision unilat\u00e9rale dont les raisons pr\u00e9cises n\u2019ont pas \u00e9t\u00e9 officiellement clarifi\u00e9es, m\u00eame si plusieurs sources internes &hellip;<\/p>\n","protected":false},"author":3,"featured_media":0,"comment_status":"closed","ping_status":"closed","sticky":false,"template":"","format":"standard","meta":{"footnotes":""},"categories":[127],"tags":[],"class_list":["post-131826","post","type-post","status-publish","format-standard","hentry","category-football-algerien"],"_links":{"self":[{"href":"https:\/\/planetesport.dz\/index.php?rest_route=\/wp\/v2\/posts\/131826","targetHints":{"allow":["GET"]}}],"collection":[{"href":"https:\/\/planetesport.dz\/index.php?rest_route=\/wp\/v2\/posts"}],"about":[{"href":"https:\/\/planetesport.dz\/index.php?rest_route=\/wp\/v2\/types\/post"}],"author":[{"embeddable":true,"href":"https:\/\/planetesport.dz\/index.php?rest_route=\/wp\/v2\/users\/3"}],"replies":[{"embeddable":true,"href":"https:\/\/planetesport.dz\/index.php?rest_route=%2Fwp%2Fv2%2Fcomments&post=131826"}],"version-history":[{"count":1,"href":"https:\/\/planetesport.dz\/index.php?rest_route=\/wp\/v2\/posts\/131826\/revisions"}],"predecessor-version":[{"id":131908,"href":"https:\/\/planetesport.dz\/index.php?rest_route=\/wp\/v2\/posts\/131826\/revisions\/131908"}],"wp:attachment":[{"href":"https:\/\/planetesport.dz\/index.php?rest_route=%2Fwp%2Fv2%2Fmedia&parent=131826"}],"wp:term":[{"taxonomy":"category","embeddable":true,"href":"https:\/\/planetesport.dz\/index.php?rest_route=%2Fwp%2Fv2%2Fcategories&post=131826"},{"taxonomy":"post_tag","embeddable":true,"href":"https:\/\/planetesport.dz\/index.php?rest_route=%2Fwp%2Fv2%2Ftags&post=131826"}],"curies":[{"name":"wp","href":"https:\/\/api.w.org\/{rel}","templated":true}]}}