{"id":129041,"date":"2025-11-11T22:45:42","date_gmt":"2025-11-11T22:45:42","guid":{"rendered":"https:\/\/planetesport.dz\/?p=129041"},"modified":"2025-11-11T22:45:42","modified_gmt":"2025-11-11T22:45:42","slug":"yassine-ould-ami-entraineur-de-hc-tichy-en-exclusivite-a-planete-sport-le-hct-a-clairement-les-moyens-pour-jouer-laccession","status":"publish","type":"post","link":"https:\/\/planetesport.dz\/?p=129041","title":{"rendered":"Yassine Ould Ami, entraineur de HC Tichy, en exclusivit\u00e9 \u00e0 Plan\u00e8te Sport :  \u00ab Le HCT a clairement les moyens pour jouer l\u2019accession \u00bb"},"content":{"rendered":"<p>L\u2019entraineur principal de la formation du Handball Club de Tichy, \u00e0 savoir Yassine Ould Ami, a tenu \u00e0 faire part de son point de vue concernant les performances actuelles de son \u00e9quipe. Selon lui, les r\u00e9sultats encourageants obtenus jusqu\u2019\u00e0 pr\u00e9sent constituent une base solide et prometteuse pour le futur proche. Ces bons r\u00e9sultats offrent en effet au club la possibilit\u00e9 de conserver intactes ses chances pour pr\u00e9tendre \u00e0 la phase d\u2019accession. Par ailleurs, il insiste avec force sur le fait que le club dispose pleinement des moyens n\u00e9cessaires pour atteindre ses objectifs ambitieux. Il souligne \u00e9galement l\u2019exigence primordiale de n\u00e9gocier chaque rencontre avec s\u00e9rieux et de ne surtout pas c\u00e9der de points, de mani\u00e8re \u00e0 clore la saison sur une note positive et satisfaisante pour tous les acteurs impliqu\u00e9s.<\/p>\n<p><strong>Vous avez r\u00e9alis\u00e9 une tr\u00e8s bonne op\u00e9ration r\u00e9cemment en remportant une victoire \u00e0 domicile face \u00e0 l\u2019\u00e9quipe de l\u2019IR Bouteldja, quel commentaire faites-vous \u00e0 ce sujet ?<\/strong><\/p>\n<p>Effectivement, je consid\u00e8re que la victoire arrach\u00e9e lors du dernier match devant la solide formation de l\u2019IR Bouteldja rev\u00eat une grande importance pour notre parcours global. Ce r\u00e9sultat est non seulement encourageant mais aussi rassurant pour l\u2019encha\u00eenement de la comp\u00e9tition. En effet, cette victoire nous a permis de rester solidement install\u00e9s dans la partie haute du classement, ce qui est un \u00e9l\u00e9ment majeur pour la suite. Pour pr\u00e9parer ce match, notre unique objectif \u00e9tait de d\u00e9crocher un r\u00e9sultat probant sans sous-estimer en aucun cas notre adversaire. Nous avons particuli\u00e8rement ax\u00e9 notre pr\u00e9paration sur l\u2019aspect psychologique, ce qui nous a permis de rester concentr\u00e9s et de surmonter les obstacles pour remporter ce succ\u00e8s significatif.<\/p>\n<p><strong>Vous allez maintenant encha\u00eener avec un d\u00e9placement compliqu\u00e9 ce week-end, puisqu\u2019il s\u2019agira d\u2019aller rendre visite \u00e0 la formation de Bouna. Comment envisagez-vous cette rencontre ?<\/strong><\/p>\n<p>Ce sera sans nul doute une confrontation difficile, car nous allons affronter une \u00e9quipe locale qui se trouve dans l\u2019obligation de ne pas commettre la moindre erreur sur son propre terrain. Pour notre part, nous sommes pleinement conscients de la lourde t\u00e2che qui nous attend. Nous allons donc veiller \u00e0 orienter toute notre pr\u00e9paration sur l\u2019aspect psychologique, car ce match s\u2019annonce comme un v\u00e9ritable pi\u00e8ge. Il est imp\u00e9ratif de bien n\u00e9gocier cette rencontre pour \u00e9viter de revenir sans aucun point et ainsi pr\u00e9server nos chances d\u2019atteindre nos objectifs fix\u00e9s.<\/p>\n<p><strong>En ce qui concerne votre parcours actuel dans la comp\u00e9tition, comment le jugez-vous ?<\/strong><\/p>\n<p>Je crois que notre parcours est pour l\u2019instant tout \u00e0 fait acceptable et satisfaisant. Nous avons encha\u00een\u00e9 quatre matches au total, avec deux victoires et deux matchs nuls, ce qui nous a permis de nous placer parmi les meilleures \u00e9quipes au classement en occupant la deuxi\u00e8me position. Cela dit, il reste encore beaucoup de rencontres \u00e0 disputer et nous devons viser \u00e0 obtenir le maximum de points possibles. L\u2019objectif est de terminer cette premi\u00e8re phase de la saison sur une bonne note, afin de r\u00e9pondre pleinement aux attentes de nos supporters et de tout le club.<\/p>\n<p><strong>Pensez-vous que le HC Tichy est un candidat s\u00e9rieux pour pr\u00e9tendre \u00e0 l\u2019accession cette saison ?<\/strong><\/p>\n<p>Oui, tout \u00e0 fait. La formation de HC Tichy a toujours \u00e9t\u00e9 un pr\u00e9tendant aux premi\u00e8res places ces derni\u00e8res ann\u00e9es. Elle dispose incontestablement des moyens n\u00e9cessaires pour atteindre cet objectif une nouvelle fois cette saison, malgr\u00e9 une t\u00e2che qui s\u2019annonce difficile et exigeante. Nous sommes donc sur la bonne voie gr\u00e2ce aux bons r\u00e9sultats r\u00e9alis\u00e9s jusque-l\u00e0, m\u00eame si nous avons rencontr\u00e9 certaines difficult\u00e9s, notamment au cours de la p\u00e9riode d\u2019intersaison.<\/p>\n<p><strong>Pouvez-vous pr\u00e9ciser ces difficult\u00e9s rencontr\u00e9es durant l\u2019intersaison ?<\/strong><\/p>\n<p>Nous avons effectivement commenc\u00e9 notre pr\u00e9paration avec un certain retard par rapport \u00e0 la plupart de nos adversaires, puisque nous n\u2019avons repris les entra\u00eenements que le 1er octobre, alors que la saison elle-m\u00eame a d\u00e9but\u00e9 le 17 du m\u00eame mois. N\u00e9anmoins, cette reprise tardive ne s\u2019est pas r\u00e9v\u00e9l\u00e9e \u00eatre un handicap majeur. Nous avons su r\u00e9pondre aux attentes gr\u00e2ce \u00e0 la qualit\u00e9 de notre travail et aux r\u00e9sultats positifs obtenus, comme en atteste cette seconde place que nous occupons actuellement au classement g\u00e9n\u00e9ral. Cela repr\u00e9sente pour nous une motivation suppl\u00e9mentaire pour continuer \u00e0 chercher de bons r\u00e9sultats dans les prochaines rencontres.<\/p>\n<p><strong>Qu\u2019en est-il du renforcement de l\u2019effectif pour cette saison ?<\/strong><\/p>\n<p>Nous avons r\u00e9ussi \u00e0 conserver la majorit\u00e9 des joueurs qui composaient l\u2019effectif lors de la saison pr\u00e9c\u00e9dente. En parall\u00e8le, nous nous sommes renforc\u00e9s en recrutant de nouveaux joueurs que nous avons jug\u00e9s utiles et n\u00e9cessaires pour am\u00e9liorer certains compartiments de l\u2019\u00e9quipe. \u00c0 cet effet, nous avons r\u00e9alis\u00e9 le recrutement de quatre nouveaux \u00e9l\u00e9ments, ce qui a apport\u00e9 une valeur ajout\u00e9e importante \u00e0 l\u2019\u00e9quipe. Ces ajustements dans l\u2019effectif nous ont d\u00e9j\u00e0 apport\u00e9 des satisfactions, et nous esp\u00e9rons continuer \u00e0 progresser encore davantage dans le futur.<\/p>\n<p><strong>Quel est votre objectif principal pour cette phase aller ?<\/strong><\/p>\n<p>Je pense que notre priorit\u00e9 est de tout faire pour n\u00e9gocier chaque match avec s\u00e9rieux et de chercher \u00e0 faire le plein de points, car toute \u00e9quipe qui ambitionne l\u2019accession ne doit pas se permettre de perdre des points, que ce soit \u00e0 domicile ou \u00e0 l\u2019ext\u00e9rieur. Nous allons donc tout mettre en \u0153uvre pour bien n\u00e9gocier tous les matches et ainsi terminer la phase aller sur une bonne note, en atteignant notre objectif fix\u00e9.<\/p>\n<p><strong>\u00cates-vous globalement optimiste pour la suite de la saison ?<\/strong><\/p>\n<p>Bien s\u00fbr, je reste tr\u00e8s optimiste dans la mesure o\u00f9 nous avons d\u00e9j\u00e0 r\u00e9alis\u00e9 de bons r\u00e9sultats et r\u00e9pondu favorablement aux attentes plac\u00e9es en nous. Nous disposons aussi de moyens p\u00e9dagogiques importants, qui jouent un r\u00f4le essentiel pour la r\u00e9ussite de notre objectif et pour jouer pleinement la carte de l\u2019accession. Cependant, nous devons rester vigilants, ne pas tomber dans le pi\u00e8ge des erreurs, et \u00e9viter de c\u00e9der des points afin de terminer cette phase aller dans les meilleures conditions.<\/p>\n<p style=\"text-align: right\"><strong>Entretien r\u00e9alis\u00e9 par A. Badis.<\/strong><\/p>\n","protected":false},"excerpt":{"rendered":"<p>L\u2019entraineur principal de la formation du Handball Club de Tichy, \u00e0 savoir Yassine Ould Ami, a tenu \u00e0 faire part de son point de vue concernant les performances actuelles de son \u00e9quipe. Selon lui, les r\u00e9sultats encourageants obtenus jusqu\u2019\u00e0 pr\u00e9sent constituent une base solide et prometteuse pour le futur proche. Ces bons r\u00e9sultats offrent en &hellip;<\/p>\n","protected":false},"author":3,"featured_media":129073,"comment_status":"closed","ping_status":"closed","sticky":false,"template":"","format":"standard","meta":{"footnotes":""},"categories":[160,129],"tags":[],"class_list":["post-129041","post","type-post","status-publish","format-standard","has-post-thumbnail","hentry","category-handball","category-omnisport"],"_links":{"self":[{"href":"https:\/\/planetesport.dz\/index.php?rest_route=\/wp\/v2\/posts\/129041","targetHints":{"allow":["GET"]}}],"collection":[{"href":"https:\/\/planetesport.dz\/index.php?rest_route=\/wp\/v2\/posts"}],"about":[{"href":"https:\/\/planetesport.dz\/index.php?rest_route=\/wp\/v2\/types\/post"}],"author":[{"embeddable":true,"href":"https:\/\/planetesport.dz\/index.php?rest_route=\/wp\/v2\/users\/3"}],"replies":[{"embeddable":true,"href":"https:\/\/planetesport.dz\/index.php?rest_route=%2Fwp%2Fv2%2Fcomments&post=129041"}],"version-history":[{"count":1,"href":"https:\/\/planetesport.dz\/index.php?rest_route=\/wp\/v2\/posts\/129041\/revisions"}],"predecessor-version":[{"id":129112,"href":"https:\/\/planetesport.dz\/index.php?rest_route=\/wp\/v2\/posts\/129041\/revisions\/129112"}],"wp:featuredmedia":[{"embeddable":true,"href":"https:\/\/planetesport.dz\/index.php?rest_route=\/wp\/v2\/media\/129073"}],"wp:attachment":[{"href":"https:\/\/planetesport.dz\/index.php?rest_route=%2Fwp%2Fv2%2Fmedia&parent=129041"}],"wp:term":[{"taxonomy":"category","embeddable":true,"href":"https:\/\/planetesport.dz\/index.php?rest_route=%2Fwp%2Fv2%2Fcategories&post=129041"},{"taxonomy":"post_tag","embeddable":true,"href":"https:\/\/planetesport.dz\/index.php?rest_route=%2Fwp%2Fv2%2Ftags&post=129041"}],"curies":[{"name":"wp","href":"https:\/\/api.w.org\/{rel}","templated":true}]}}