{"id":127188,"date":"2025-10-27T23:05:59","date_gmt":"2025-10-27T23:05:59","guid":{"rendered":"https:\/\/planetesport.dz\/?p=127188"},"modified":"2025-10-27T23:05:59","modified_gmt":"2025-10-27T23:05:59","slug":"adam-ounas-un-renfort-attendu-pour-bougherra","status":"publish","type":"post","link":"https:\/\/planetesport.dz\/?p=127188","title":{"rendered":"Adam Ounas, un renfort attendu pour Bougherra"},"content":{"rendered":"<p>Depuis plusieurs semaines, Madjid Bougherra s\u2019affaire \u00e0 b\u00e2tir une \u00e9quipe capable de s\u2019illustrer lors de la Coupe arabe des nations, pr\u00e9vue au Qatar du 1er au 18 d\u00e9cembre prochain. Le s\u00e9lectionneur de la s\u00e9lection des locaux multiplie les pistes et tente de convaincre plusieurs joueurs \u00e9voluant \u00e0 l\u2019\u00e9tranger de rejoindre le groupe, pr\u00e9f\u00e9rant ne pas se limiter aux seuls pensionnaires du championnat alg\u00e9rien. Parmi les profils cibl\u00e9s figure Adam Ounas, que Bougherra souhaite voir int\u00e9grer le groupe pour apporter sa touche technique et son exp\u00e9rience du haut niveau. L\u2019ailier d\u2019Al-Sailiya SC avait d\u2019ailleurs \u00e9t\u00e9 convoqu\u00e9 lors du pr\u00e9c\u00e9dent stage, avant de devoir d\u00e9clarer forfait sur blessure.<\/p>\n<p>Bonne nouvelle pour le staff des Verts puisque Ounas a repris la comp\u00e9tition dimanche, en entrant en jeu face \u00e0 Al-Shahaniya en championnat. Une reprise encourageante qui redonne le sourire \u00e0 Bougherra, soucieux de pouvoir compter sur le joueur form\u00e9 \u00e0 Bordeaux pour dynamiser le secteur offensif. Si sa condition physique se confirme dans les prochaines semaines, Adam Ounas devrait bien \u00eatre de la partie au Qatar, o\u00f9 son talent pourrait s\u2019av\u00e9rer d\u00e9cisif. Mais la prudence reste de mise, car les blessures ont souvent frein\u00e9 l\u2019\u00e9lan du joueur ces derni\u00e8res saisons.<\/p>\n<p style=\"text-align: right\">\n<strong>Djamel ABED<\/strong><\/p>\n","protected":false},"excerpt":{"rendered":"<p>Depuis plusieurs semaines, Madjid Bougherra s\u2019affaire \u00e0 b\u00e2tir une \u00e9quipe capable de s\u2019illustrer lors de la Coupe arabe des nations, pr\u00e9vue au Qatar du 1er au 18 d\u00e9cembre prochain. Le s\u00e9lectionneur de la s\u00e9lection des locaux multiplie les pistes et tente de convaincre plusieurs joueurs \u00e9voluant \u00e0 l\u2019\u00e9tranger de rejoindre le groupe, pr\u00e9f\u00e9rant ne pas &hellip;<\/p>\n","protected":false},"author":3,"featured_media":127238,"comment_status":"closed","ping_status":"closed","sticky":false,"template":"","format":"standard","meta":{"footnotes":""},"categories":[128],"tags":[],"class_list":["post-127188","post","type-post","status-publish","format-standard","has-post-thumbnail","hentry","category-football-etranger"],"_links":{"self":[{"href":"https:\/\/planetesport.dz\/index.php?rest_route=\/wp\/v2\/posts\/127188","targetHints":{"allow":["GET"]}}],"collection":[{"href":"https:\/\/planetesport.dz\/index.php?rest_route=\/wp\/v2\/posts"}],"about":[{"href":"https:\/\/planetesport.dz\/index.php?rest_route=\/wp\/v2\/types\/post"}],"author":[{"embeddable":true,"href":"https:\/\/planetesport.dz\/index.php?rest_route=\/wp\/v2\/users\/3"}],"replies":[{"embeddable":true,"href":"https:\/\/planetesport.dz\/index.php?rest_route=%2Fwp%2Fv2%2Fcomments&post=127188"}],"version-history":[{"count":1,"href":"https:\/\/planetesport.dz\/index.php?rest_route=\/wp\/v2\/posts\/127188\/revisions"}],"predecessor-version":[{"id":127282,"href":"https:\/\/planetesport.dz\/index.php?rest_route=\/wp\/v2\/posts\/127188\/revisions\/127282"}],"wp:featuredmedia":[{"embeddable":true,"href":"https:\/\/planetesport.dz\/index.php?rest_route=\/wp\/v2\/media\/127238"}],"wp:attachment":[{"href":"https:\/\/planetesport.dz\/index.php?rest_route=%2Fwp%2Fv2%2Fmedia&parent=127188"}],"wp:term":[{"taxonomy":"category","embeddable":true,"href":"https:\/\/planetesport.dz\/index.php?rest_route=%2Fwp%2Fv2%2Fcategories&post=127188"},{"taxonomy":"post_tag","embeddable":true,"href":"https:\/\/planetesport.dz\/index.php?rest_route=%2Fwp%2Fv2%2Ftags&post=127188"}],"curies":[{"name":"wp","href":"https:\/\/api.w.org\/{rel}","templated":true}]}}