{"id":127042,"date":"2025-10-26T23:31:59","date_gmt":"2025-10-26T23:31:59","guid":{"rendered":"https:\/\/planetesport.dz\/?p=127042"},"modified":"2025-10-26T23:31:59","modified_gmt":"2025-10-26T23:31:59","slug":"les-ministres-de-leducation-et-des-sports-lancent-officiellement-la-nouvelle-saison","status":"publish","type":"post","link":"https:\/\/planetesport.dz\/?p=127042","title":{"rendered":"Les ministres de l\u2019\u00c9ducation et des Sports lancent officiellement la nouvelle saison"},"content":{"rendered":"<p><strong>Le ministre de l\u2019Education nationale, Mohamed Seghir Sa\u00e2daoui, ainsi que le ministre des Sports, Walid Sadi, ont lanc\u00e9 samedi \u00e0 Ouargla la nouvelle saison sportive scolaire (2025\/2026), plac\u00e9e sous le th\u00e8me \u00ab Nos champions dans nos \u00e9coles \u00bb.<\/strong><\/p>\n<p>Lors de la c\u00e9r\u00e9monie d\u2019ouverture tenue au complexe sportif \u00ab Moudjahid Abdelkrim Bouzegueg \u00bb \u00e0 Ouargla, M. Sa\u00e2daoui a pr\u00e9cis\u00e9 que \u00ab ce lancement est le r\u00e9sultat d\u2019une coordination avec le minist\u00e8re des Sports et la F\u00e9d\u00e9ration alg\u00e9rienne des sports scolaires (FASS) afin de programmer et structurer la saison sportive scolaire, lui apportant ainsi plus d\u2019organisation et d\u2019attractivit\u00e9 pour encourager les \u00e9l\u00e8ves \u00e0 participer aux nombreuses manifestations sportives \u00bb. Sa\u00e2daoui a ajout\u00e9 que \u00ab cette initiative s\u2019inscrit dans la mise en \u0153uvre de l\u2019engagement du pr\u00e9sident de la R\u00e9publique pour faire de l\u2019\u00e9tablissement scolaire un cadre d\u2019\u00e9ducation et de d\u00e9veloppement intellectuel, physique et sportif \u00bb. De son c\u00f4t\u00e9, le ministre des Sports, Walid Sadi, a rappel\u00e9 que \u00ab le sport scolaire ne se limite pas \u00e0 une simple activit\u00e9 ludique ou compl\u00e9mentaire dans les \u00e9coles alg\u00e9riennes, mais constitue un \u00e9l\u00e9ment fondamental d\u2019un projet sportif et \u00e9ducatif national int\u00e9gr\u00e9, combinant \u00e9ducation physique, \u00e9ducation nationale, ainsi que d\u00e9veloppement cognitif et physique \u00bb.<\/p>\n<p>Il a poursuivi en affirmant : \u00ab Les orientations du pr\u00e9sident de la R\u00e9publique \u00e9taient claires pour valoriser pleinement le sport scolaire, en tant que vivier des talents et fondement des g\u00e9n\u00e9rations qui repr\u00e9senteront fi\u00e8rement les couleurs nationales lors des diff\u00e9rents \u00e9v\u00e8nements \u00bb. \u00ab Le minist\u00e8re des Sports a renforc\u00e9 son partenariat avec le minist\u00e8re de l\u2019Education \u00e0 travers une s\u00e9rie de conventions mettant \u00e0 disposition des \u00e9l\u00e8ves les infrastructures sportives, facilitant ainsi la pratique du sport et l\u2019organisation des manifestations, dans une logique de coop\u00e9ration et de compl\u00e9mentarit\u00e9 des efforts sur le terrain, une initiative dont nous sommes fiers et que nous cherchons \u00e0 valoriser \u00bb. La d\u00e9l\u00e9gation minist\u00e9rielle poursuivra sa visite dans la r\u00e9gion en lan\u00e7ant la campagne de plantation d\u2019arbres, organis\u00e9e dans le cadre de la c\u00e9l\u00e9bration de la Journ\u00e9e nationale de l\u2019arbre, ainsi que l\u2019inauguration des projets de d\u00e9veloppement dans la r\u00e9gion.<\/p>\n<p style=\"text-align: right\">\n<strong>K. M.\u00a0<\/strong><\/p>\n","protected":false},"excerpt":{"rendered":"<p>Le ministre de l\u2019Education nationale, Mohamed Seghir Sa\u00e2daoui, ainsi que le ministre des Sports, Walid Sadi, ont lanc\u00e9 samedi \u00e0 Ouargla la nouvelle saison sportive scolaire (2025\/2026), plac\u00e9e sous le th\u00e8me \u00ab Nos champions dans nos \u00e9coles \u00bb. Lors de la c\u00e9r\u00e9monie d\u2019ouverture tenue au complexe sportif \u00ab Moudjahid Abdelkrim Bouzegueg \u00bb \u00e0 Ouargla, M. &hellip;<\/p>\n","protected":false},"author":3,"featured_media":127103,"comment_status":"closed","ping_status":"closed","sticky":false,"template":"","format":"standard","meta":{"footnotes":""},"categories":[129],"tags":[],"class_list":["post-127042","post","type-post","status-publish","format-standard","has-post-thumbnail","hentry","category-omnisport"],"_links":{"self":[{"href":"https:\/\/planetesport.dz\/index.php?rest_route=\/wp\/v2\/posts\/127042","targetHints":{"allow":["GET"]}}],"collection":[{"href":"https:\/\/planetesport.dz\/index.php?rest_route=\/wp\/v2\/posts"}],"about":[{"href":"https:\/\/planetesport.dz\/index.php?rest_route=\/wp\/v2\/types\/post"}],"author":[{"embeddable":true,"href":"https:\/\/planetesport.dz\/index.php?rest_route=\/wp\/v2\/users\/3"}],"replies":[{"embeddable":true,"href":"https:\/\/planetesport.dz\/index.php?rest_route=%2Fwp%2Fv2%2Fcomments&post=127042"}],"version-history":[{"count":1,"href":"https:\/\/planetesport.dz\/index.php?rest_route=\/wp\/v2\/posts\/127042\/revisions"}],"predecessor-version":[{"id":127149,"href":"https:\/\/planetesport.dz\/index.php?rest_route=\/wp\/v2\/posts\/127042\/revisions\/127149"}],"wp:featuredmedia":[{"embeddable":true,"href":"https:\/\/planetesport.dz\/index.php?rest_route=\/wp\/v2\/media\/127103"}],"wp:attachment":[{"href":"https:\/\/planetesport.dz\/index.php?rest_route=%2Fwp%2Fv2%2Fmedia&parent=127042"}],"wp:term":[{"taxonomy":"category","embeddable":true,"href":"https:\/\/planetesport.dz\/index.php?rest_route=%2Fwp%2Fv2%2Fcategories&post=127042"},{"taxonomy":"post_tag","embeddable":true,"href":"https:\/\/planetesport.dz\/index.php?rest_route=%2Fwp%2Fv2%2Ftags&post=127042"}],"curies":[{"name":"wp","href":"https:\/\/api.w.org\/{rel}","templated":true}]}}