{"id":126525,"date":"2025-10-22T23:32:04","date_gmt":"2025-10-22T23:32:04","guid":{"rendered":"https:\/\/planetesport.dz\/?p=126525"},"modified":"2025-10-22T23:32:04","modified_gmt":"2025-10-22T23:32:04","slug":"la-delocalisation-a-miami-du-match-villarreal-fc-barcelone-annulee","status":"publish","type":"post","link":"https:\/\/planetesport.dz\/?p=126525","title":{"rendered":"La d\u00e9localisation \u00e0 Miami du match Villarreal &#8211; FC Barcelone annul\u00e9e"},"content":{"rendered":"<p><strong>La Ligue de football espagnole a annonc\u00e9 dans la soir\u00e9e de mardi, qu\u2019elle renon\u00e7ait \u00e0 d\u00e9localiser le match de championnat entre Villarreal et le FC Barcelone \u00e0 Miami, aux \u00c9tats-Unis, \u00ab en raison de l\u2019incertitude g\u00e9n\u00e9r\u00e9e ces derni\u00e8res semaines en Espagne \u00bb. Le match aura donc lieu au stade de Villarreal.<\/strong><\/p>\n<p>Marche arri\u00e8re toute pour la d\u00e9localisation du match entre Villarreal et le Bar\u00e7a \u00e0 Miami. Mardi soir, la Liga a annonc\u00e9 que la rencontre se d\u00e9roulerait finalement \u00e0 la Ceramica, dans l\u2019enceinte du \u00ab Sous-Marin jaune \u00bb, et non plus aux \u00c9tats-Unis. \u00ab La Liga souhaite informer qu\u2019\u00e0 la suite de discussions avec le promoteur du match \u00e0 Miami, ce dernier a annonc\u00e9 sa d\u00e9cision d\u2019annuler l\u2019\u00e9v\u00e8nement en raison de l\u2019incertitude g\u00e9n\u00e9r\u00e9e ces derni\u00e8res semaines en Espagne \u00bb, \u00e9crit la Liga dans un communiqu\u00e9, regrettant de ne pas pouvoir saisir \u00ab cette opportunit\u00e9 historique \u00bb d\u2019organiser un match de championnat \u00e0 l\u2019\u00e9tranger pour la premi\u00e8re fois.<\/p>\n<p><strong>Une pression accentu\u00e9e lors des derni\u00e8res heures<br \/>\n<\/strong>Cette initiative avait \u00e9t\u00e9 unanimement d\u00e9nonc\u00e9e par les clubs espagnols ces derniers jours, le Real Madrid en t\u00eate, mais aussi par des joueurs du Bar\u00e7a, dont le N\u00e9erlandais Frenkie de Jong. \u00c0 l\u2019appel du Syndicat des joueurs espagnols (AFE), toutes les \u00e9quipes de Liga ont refus\u00e9 de disputer les premi\u00e8res secondes de leurs matchs le week-end dernier, pour protester contre ce projet. La pression s\u2019\u00e9tait accentu\u00e9e lors des derni\u00e8res heures, suite notamment aux d\u00e9clarations des joueurs du Real, Thibaut Courtois et Dani Carvajal, assurant que la tenue de ce match aux \u00c9tats-Unis aurait \u00ab fauss\u00e9 la comp\u00e9tition \u00bb et avantag\u00e9 le Bar\u00e7a.<\/p>\n<p>Les premiers billets pour la rencontre, qui devait se jouer le 20 d\u00e9cembre prochain au Hard Rock Stadium, auraient d\u00fb \u00eatre disponibles en fin d\u2019apr\u00e8s-midi, mais les pr\u00e9ventes ont \u00e9t\u00e9 \u00ab report\u00e9es \u00bb ind\u00e9finiment compte tenu du contexte en Espagne. L\u2019UEFA, tout en d\u00e9clarant \u00eatre dans l\u2019id\u00e9e \u00ab oppos\u00e9e \u00bb \u00e0 la d\u00e9localisation de match de championnat, avait autoris\u00e9 la Liga et la Serie A \u00e0 organiser Villarreal-FC Barcelone \u00e0 Miami et AC Milan-C\u00f4me en Australie, provoquant l\u2019opposition de nombreux clubs et groupes de supporters en Europe. Peut-on lire sur le site eurosport.fr.<\/p>\n","protected":false},"excerpt":{"rendered":"<p>La Ligue de football espagnole a annonc\u00e9 dans la soir\u00e9e de mardi, qu\u2019elle renon\u00e7ait \u00e0 d\u00e9localiser le match de championnat entre Villarreal et le FC Barcelone \u00e0 Miami, aux \u00c9tats-Unis, \u00ab en raison de l\u2019incertitude g\u00e9n\u00e9r\u00e9e ces derni\u00e8res semaines en Espagne \u00bb. Le match aura donc lieu au stade de Villarreal. Marche arri\u00e8re toute pour &hellip;<\/p>\n","protected":false},"author":3,"featured_media":126585,"comment_status":"closed","ping_status":"closed","sticky":false,"template":"","format":"standard","meta":{"footnotes":""},"categories":[128],"tags":[],"class_list":["post-126525","post","type-post","status-publish","format-standard","has-post-thumbnail","hentry","category-football-etranger"],"_links":{"self":[{"href":"https:\/\/planetesport.dz\/index.php?rest_route=\/wp\/v2\/posts\/126525","targetHints":{"allow":["GET"]}}],"collection":[{"href":"https:\/\/planetesport.dz\/index.php?rest_route=\/wp\/v2\/posts"}],"about":[{"href":"https:\/\/planetesport.dz\/index.php?rest_route=\/wp\/v2\/types\/post"}],"author":[{"embeddable":true,"href":"https:\/\/planetesport.dz\/index.php?rest_route=\/wp\/v2\/users\/3"}],"replies":[{"embeddable":true,"href":"https:\/\/planetesport.dz\/index.php?rest_route=%2Fwp%2Fv2%2Fcomments&post=126525"}],"version-history":[{"count":1,"href":"https:\/\/planetesport.dz\/index.php?rest_route=\/wp\/v2\/posts\/126525\/revisions"}],"predecessor-version":[{"id":126630,"href":"https:\/\/planetesport.dz\/index.php?rest_route=\/wp\/v2\/posts\/126525\/revisions\/126630"}],"wp:featuredmedia":[{"embeddable":true,"href":"https:\/\/planetesport.dz\/index.php?rest_route=\/wp\/v2\/media\/126585"}],"wp:attachment":[{"href":"https:\/\/planetesport.dz\/index.php?rest_route=%2Fwp%2Fv2%2Fmedia&parent=126525"}],"wp:term":[{"taxonomy":"category","embeddable":true,"href":"https:\/\/planetesport.dz\/index.php?rest_route=%2Fwp%2Fv2%2Fcategories&post=126525"},{"taxonomy":"post_tag","embeddable":true,"href":"https:\/\/planetesport.dz\/index.php?rest_route=%2Fwp%2Fv2%2Ftags&post=126525"}],"curies":[{"name":"wp","href":"https:\/\/api.w.org\/{rel}","templated":true}]}}