{"id":123890,"date":"2025-10-01T23:45:49","date_gmt":"2025-10-01T23:45:49","guid":{"rendered":"https:\/\/planetesport.dz\/?p=123890"},"modified":"2025-10-01T23:45:49","modified_gmt":"2025-10-01T23:45:49","slug":"la-selection-nationale-a-pied-doeuvre-a-lima","status":"publish","type":"post","link":"https:\/\/planetesport.dz\/?p=123890","title":{"rendered":"La s\u00e9lection nationale\u00a0 \u00e0 pied d\u2019\u0153uvre \u00e0 Lima\u00a0"},"content":{"rendered":"<div><strong>La s\u00e9lection nationale alg\u00e9rienne de judo a pris, mardi dernier, la direction de Lima, la capitale p\u00e9ruvienne, o\u00f9 elle s\u2019est rapidement attel\u00e9e \u00e0 pr\u00e9parer les Championnats du monde juniors qui s\u2019y tiendront du 5 au 8 octobre.\u00a0<\/strong><\/div>\n<div><\/div>\n<div>Ce rendez-vous international majeur marque le retour, tr\u00e8s attendu, de l\u2019Alg\u00e9rie sur la sc\u00e8ne mondiale, apr\u00e8s une longue p\u00e9riode d\u2019absence. Il repr\u00e9sente une \u00e9tape d\u00e9cisive pour le judo alg\u00e9rien, port\u00e9 par les grandes ambitions de la jeune g\u00e9n\u00e9ration qui aspire \u00e0 redorer le blason national et \u00e0 briller sur les podiums internationaux. La d\u00e9l\u00e9gation alg\u00e9rienne est compos\u00e9e de judokas prometteurs avec, \u00e0 leur t\u00eate, le jeune Arbaoui Othmane, licenci\u00e9 au club Ouled El-Bahia d&rsquo;Oran. Ce dernier occupe une place de choix dans le paysage mondial : il s\u2019est hiss\u00e9 \u00e0 la premi\u00e8re place du classement mondial des moins de 100 kilos, dans la cat\u00e9gorie junior, apr\u00e8s avoir remport\u00e9 la m\u00e9daille d\u2019or aux derniers Championnats d\u2019Afrique juniors organis\u00e9s, en juillet dernier, \u00e0 Luanda, en Angola. En portant son capital points \u00e0 400 unit\u00e9s, Arbaoui r\u00e9alise un bond impressionnant au ranking mondial, devan\u00e7ant ainsi l\u2019Am\u00e9ricain Daniel Liubimovski et le Serbe Milan Bulaja, respectivement deuxi\u00e8me et troisi\u00e8me. Parmi les autres talents pr\u00e9sents, on note la pr\u00e9sence d\u2019Oussama Hezil, jeune comp\u00e9titeur sur lequel le staff technique place de grands espoirs pour acc\u00e9der au podium et remporter des m\u00e9dailles, inscrivant ainsi l\u2019Alg\u00e9rie au palmar\u00e8s de cette \u00e9dition. Arbaoui comme Hezil sont unanimement reconnus pour leur haut niveau technique et leur combativit\u00e9 exemplaire, des qualit\u00e9s mises en lumi\u00e8re lors de leurs pr\u00e9c\u00e9dentes comp\u00e9titions. Ces atouts en font des fers de lance solides dans la comp\u00e9tition face aux meilleurs judokas mondiaux de leur cat\u00e9gorie d&rsquo;\u00e2ge. Cela n\u2019enl\u00e8ve toutefois rien au m\u00e9rite des autres judokas alg\u00e9riens, eux aussi capables de se distinguer sur le tatami. Au total, six judokas composent la d\u00e9l\u00e9gation nationale alg\u00e9rienne, cinq messieurs et une dame. La liste comprend Oussama Abdelhak Hezil (-66 kg), Ayoub Benlaribi (-66 kg), Abdeslam Belbelhout (-73 kg), Imad Mehibel (-81 kg), Othmane Arbaoui (-100 kg), ainsi que Lydia Kechout (+78 kg) chez les dames.<\/div>\n<div><\/div>\n<div><strong>Une bonne pr\u00e9paration<\/strong><\/div>\n<div>Il convient de rappeler que la s\u00e9lection nationale a b\u00e9n\u00e9fici\u00e9 de plusieurs stages de pr\u00e9paration, en Alg\u00e9rie et \u00e0 l\u2019\u00e9tranger. Ces stages ont permis aux athl\u00e8tes de se pr\u00e9parer efficacement, tant sur le plan physique que tactique, avec une attention particuli\u00e8re port\u00e9e \u00e0 l\u2019aspect psychologique et \u00e0 la d\u00e9termination des comp\u00e9titeurs. Cette participation intervient justement \u00e0 un moment o\u00f9 le judo alg\u00e9rien cherche \u00e0 retrouver sa place sur la sc\u00e8ne internationale, apr\u00e8s une p\u00e9riode de d\u00e9clin qui a vu la pr\u00e9sence des champions alg\u00e9riens s\u2019estomper lors des grands \u00e9v\u00e9nements. De nombreux membres de la famille sportive alg\u00e9rienne nourrissent l\u2019espoir que ces jeunes judokas parviennent \u00e0 r\u00e9aliser un exploit \u00e0 la hauteur de la r\u00e9putation et du prestige du sport national. Il est important de souligner que le soutien moral de la F\u00e9d\u00e9ration alg\u00e9rienne de judo a \u00e9t\u00e9 constant et tr\u00e8s pr\u00e9sent d\u00e8s le lancement des pr\u00e9paratifs. Les amateurs de judo sont impatients de suivre les combats des champions alg\u00e9riens et restent confiants quant \u00e0 leur capacit\u00e9 \u00e0 hisser haut les couleurs nationales lors de cette comp\u00e9tition mondiale.<\/div>\n<div><\/div>\n<div><strong>Une comp\u00e9tition plan\u00e9taire d\u2019envergure<\/strong><\/div>\n<div>Les Mondiaux 2025 juniors de Lima r\u00e9uniront un total de 396 judokas, 210 masculins et 186 f\u00e9minines, venus de 61 nations r\u00e9parties sur les cinq continents. La comp\u00e9tition comprend des \u00e9preuves individuelles et par \u00e9quipes. Le Japon et le Br\u00e9sil, avec 18 judokas chacun, seront les pays les mieux repr\u00e9sent\u00e9s, suivis de pr\u00e8s par l\u2019Italie, le Kazakhstan, ainsi que le P\u00e9rou, pays h\u00f4te, qui aligneront 17 repr\u00e9sentants chacun. Pour optimiser leurs chances de performance, les judokas alg\u00e9riens ont r\u00e9cemment effectu\u00e9 un stage intensif de quinze jours en Ouzb\u00e9kistan, qui s\u2019est achev\u00e9 le 28 septembre dernier. Par ailleurs, d\u00e8s le mois d\u2019ao\u00fbt, la s\u00e9lection nationale avait men\u00e9 plusieurs microcycles de pr\u00e9paration, dont un \u00e0 Tikjda, enti\u00e8rement consacr\u00e9 au travail physique.<\/div>\n<div><\/div>\n<div style=\"text-align: right\"><strong>Par B. Sadek\u00a0<\/strong><\/div>\n","protected":false},"excerpt":{"rendered":"<p>La s\u00e9lection nationale alg\u00e9rienne de judo a pris, mardi dernier, la direction de Lima, la capitale p\u00e9ruvienne, o\u00f9 elle s\u2019est rapidement attel\u00e9e \u00e0 pr\u00e9parer les Championnats du monde juniors qui s\u2019y tiendront du 5 au 8 octobre.\u00a0 Ce rendez-vous international majeur marque le retour, tr\u00e8s attendu, de l\u2019Alg\u00e9rie sur la sc\u00e8ne mondiale, apr\u00e8s une longue &hellip;<\/p>\n","protected":false},"author":3,"featured_media":123924,"comment_status":"closed","ping_status":"closed","sticky":false,"template":"","format":"standard","meta":{"footnotes":""},"categories":[162,129],"tags":[],"class_list":["post-123890","post","type-post","status-publish","format-standard","has-post-thumbnail","hentry","category-judo","category-omnisport"],"_links":{"self":[{"href":"https:\/\/planetesport.dz\/index.php?rest_route=\/wp\/v2\/posts\/123890","targetHints":{"allow":["GET"]}}],"collection":[{"href":"https:\/\/planetesport.dz\/index.php?rest_route=\/wp\/v2\/posts"}],"about":[{"href":"https:\/\/planetesport.dz\/index.php?rest_route=\/wp\/v2\/types\/post"}],"author":[{"embeddable":true,"href":"https:\/\/planetesport.dz\/index.php?rest_route=\/wp\/v2\/users\/3"}],"replies":[{"embeddable":true,"href":"https:\/\/planetesport.dz\/index.php?rest_route=%2Fwp%2Fv2%2Fcomments&post=123890"}],"version-history":[{"count":1,"href":"https:\/\/planetesport.dz\/index.php?rest_route=\/wp\/v2\/posts\/123890\/revisions"}],"predecessor-version":[{"id":123964,"href":"https:\/\/planetesport.dz\/index.php?rest_route=\/wp\/v2\/posts\/123890\/revisions\/123964"}],"wp:featuredmedia":[{"embeddable":true,"href":"https:\/\/planetesport.dz\/index.php?rest_route=\/wp\/v2\/media\/123924"}],"wp:attachment":[{"href":"https:\/\/planetesport.dz\/index.php?rest_route=%2Fwp%2Fv2%2Fmedia&parent=123890"}],"wp:term":[{"taxonomy":"category","embeddable":true,"href":"https:\/\/planetesport.dz\/index.php?rest_route=%2Fwp%2Fv2%2Fcategories&post=123890"},{"taxonomy":"post_tag","embeddable":true,"href":"https:\/\/planetesport.dz\/index.php?rest_route=%2Fwp%2Fv2%2Ftags&post=123890"}],"curies":[{"name":"wp","href":"https:\/\/api.w.org\/{rel}","templated":true}]}}