{"id":123889,"date":"2025-10-01T23:44:28","date_gmt":"2025-10-01T23:44:28","guid":{"rendered":"https:\/\/planetesport.dz\/?p=123889"},"modified":"2025-10-01T23:44:28","modified_gmt":"2025-10-01T23:44:28","slug":"oussama-hezil-element-de-la-selection-nationale","status":"publish","type":"post","link":"https:\/\/planetesport.dz\/?p=123889","title":{"rendered":"Oussama Hezil (\u00e9l\u00e9ment\u00a0 de la s\u00e9lection nationale) :"},"content":{"rendered":"<div>\u00c0 son d\u00e9part avec la s\u00e9lection nationale pour Lima, le jeune champion Oussama Hezil s\u2019est d\u00e9clar\u00e9 pr\u00eat \u00e0 affronter le haut niveau mondial : \u00ab Je suis aujourd\u2019hui en possession de toutes mes capacit\u00e9s physiques et techniques. Ma bonne participation au Cameroun en 2024, suivie de ma m\u00e9daille d\u2019or avec les juniors aux Championnats d\u2019Afrique m\u2019ont fortement motiv\u00e9 \u00e0 aller de l\u2019avant et, surtout, \u00e0 jauger mon top niveau. Ces r\u00e9sultats positifs m\u2019ont renforc\u00e9 pour aborder cette comp\u00e9tition mondiale au P\u00e9rou avec beaucoup de confiance. Je ne cesserai de remercier mon entra\u00eeneur formateur, Rabie Kohli, qui m\u2019a accompagn\u00e9 depuis mon plus jeune \u00e2ge et avec qui j\u2019ai \u00e9norm\u00e9ment progress\u00e9. Aujourd\u2019hui, je me concentre pleinement sur ces Mondiaux de Lima, avec comme objectif clair de monter sur le podium. Je tiens aussi \u00e0 remercier nos entra\u00eeneurs nationaux pour leur excellent travail lors de nos regroupements et stages. \u00bb<\/div>\n<div><\/div>\n<div style=\"text-align: right\"><strong>B. Sadek<\/strong><\/div>\n","protected":false},"excerpt":{"rendered":"<p>\u00c0 son d\u00e9part avec la s\u00e9lection nationale pour Lima, le jeune champion Oussama Hezil s\u2019est d\u00e9clar\u00e9 pr\u00eat \u00e0 affronter le haut niveau mondial : \u00ab Je suis aujourd\u2019hui en possession de toutes mes capacit\u00e9s physiques et techniques. Ma bonne participation au Cameroun en 2024, suivie de ma m\u00e9daille d\u2019or avec les juniors aux Championnats d\u2019Afrique &hellip;<\/p>\n","protected":false},"author":3,"featured_media":123923,"comment_status":"closed","ping_status":"closed","sticky":false,"template":"","format":"standard","meta":{"footnotes":""},"categories":[162,129],"tags":[],"class_list":["post-123889","post","type-post","status-publish","format-standard","has-post-thumbnail","hentry","category-judo","category-omnisport"],"_links":{"self":[{"href":"https:\/\/planetesport.dz\/index.php?rest_route=\/wp\/v2\/posts\/123889","targetHints":{"allow":["GET"]}}],"collection":[{"href":"https:\/\/planetesport.dz\/index.php?rest_route=\/wp\/v2\/posts"}],"about":[{"href":"https:\/\/planetesport.dz\/index.php?rest_route=\/wp\/v2\/types\/post"}],"author":[{"embeddable":true,"href":"https:\/\/planetesport.dz\/index.php?rest_route=\/wp\/v2\/users\/3"}],"replies":[{"embeddable":true,"href":"https:\/\/planetesport.dz\/index.php?rest_route=%2Fwp%2Fv2%2Fcomments&post=123889"}],"version-history":[{"count":1,"href":"https:\/\/planetesport.dz\/index.php?rest_route=\/wp\/v2\/posts\/123889\/revisions"}],"predecessor-version":[{"id":123957,"href":"https:\/\/planetesport.dz\/index.php?rest_route=\/wp\/v2\/posts\/123889\/revisions\/123957"}],"wp:featuredmedia":[{"embeddable":true,"href":"https:\/\/planetesport.dz\/index.php?rest_route=\/wp\/v2\/media\/123923"}],"wp:attachment":[{"href":"https:\/\/planetesport.dz\/index.php?rest_route=%2Fwp%2Fv2%2Fmedia&parent=123889"}],"wp:term":[{"taxonomy":"category","embeddable":true,"href":"https:\/\/planetesport.dz\/index.php?rest_route=%2Fwp%2Fv2%2Fcategories&post=123889"},{"taxonomy":"post_tag","embeddable":true,"href":"https:\/\/planetesport.dz\/index.php?rest_route=%2Fwp%2Fv2%2Ftags&post=123889"}],"curies":[{"name":"wp","href":"https:\/\/api.w.org\/{rel}","templated":true}]}}