{"id":123648,"date":"2025-09-29T22:54:07","date_gmt":"2025-09-29T22:54:07","guid":{"rendered":"https:\/\/planetesport.dz\/?p=123648"},"modified":"2025-09-29T22:54:07","modified_gmt":"2025-09-29T22:54:07","slug":"barbari-je-vais-faire-profiter-le-cyclisme-algerien-du-programme-de-developpement-de-luci","status":"publish","type":"post","link":"https:\/\/planetesport.dz\/?p=123648","title":{"rendered":"Barbari :\u00a0 \u00a0\u00ab Je vais faire profiter le cyclisme alg\u00e9rien\u00a0 du programme de d\u00e9veloppement de l\u2019UCI \u00bb"},"content":{"rendered":"<div><strong>L\u2019\u00e9lection de Barbari au comit\u00e9 directeur de l\u2019UCI est une victoire nette qui refl\u00e8te la reconnaissance accord\u00e9e aux cadres sportifs alg\u00e9riens.\u00a0<\/strong><\/div>\n<div><\/div>\n<div>Elle repr\u00e9sente une aubaine pour assister le cyclisme national, notamment pour l\u2019accompagnement des athl\u00e8tes dans la pr\u00e9paration des \u00e9v\u00e8nements internationaux qualificatifs pour les Jeux olympiques 2028 de Los Angeles. Elle servira aussi le cyclisme alg\u00e9rien en particulier et africain en g\u00e9n\u00e9ral, en profitant du programme de d\u00e9veloppement de la F\u00e9d\u00e9ration internationale. Comme il l\u2019affirme \u00e0 la presse : \u00ab Avant tout, mon \u00e9lection au comit\u00e9 directeur de l\u2019UCI est une victoire pour le cyclisme alg\u00e9rien et africain \u00e0 la fois, et je ferai de mon mieux pour donner ce qu\u2019on attend de moi. \u00c9tant proche du p\u00f4le de d\u00e9cision au sein de l\u2019institution internationale du cyclisme, je vais faire b\u00e9n\u00e9ficier le cyclisme alg\u00e9rien des diff\u00e9rents programmes de l\u2019UCI, ce qui sera un acquis pour nous. Cette \u00e9lection me permettra aussi d\u2019\u00eatre en contact avec les autres f\u00e9d\u00e9rations dont cette discipline est tr\u00e8s d\u00e9velopp\u00e9e, ce qui nous donnera l\u2019opportunit\u00e9 de profiter de leur exp\u00e9rience sur tous les niveaux, que ce soit l\u2019organisation, la formation et d\u2019autres volets \u00bb, dira Kheirredine Barbari.<\/div>\n<div><\/div>\n<div><strong>\u00ab Nos athl\u00e8tes et techniciens b\u00e9n\u00e9ficieront d\u2019un encadrement de haut niveau \u00bb<\/strong><\/div>\n<div>Toujours dans le m\u00eame esprit et avec la m\u00eame volont\u00e9 affirm\u00e9e, Barbari s\u2019est longuement exprim\u00e9 sur l\u2019accompagnement qu\u2019il entend offrir aux athl\u00e8tes alg\u00e9riens ainsi qu\u2019aux techniciens, en mettant \u00e0 leur disposition toute l\u2019exp\u00e9rience acquise au sein du circuit europ\u00e9en. Il a ainsi d\u00e9velopp\u00e9 sa vision : \u00ab En effet, nous avons d\u2019ores et d\u00e9j\u00e0 d\u00e9fini une strat\u00e9gie claire et ambitieuse pour le d\u00e9veloppement du cyclisme en Alg\u00e9rie. Depuis mon int\u00e9gration au comit\u00e9 directeur de l\u2019UCI, j\u2019ai pris un engagement personnel fort pour faire en sorte que nos athl\u00e8tes ainsi que nos techniciens b\u00e9n\u00e9ficient d\u2019un encadrement d\u2019excellence, puisant dans le savoir-faire et les m\u00e9thodes \u00e9prouv\u00e9es des pays les plus avanc\u00e9s dans cette discipline, ainsi que dans les diff\u00e9rents programmes qu\u2019ils mettent en place. \u00bb<\/div>\n<div><\/div>\n<div>Il a poursuivi en soulignant l\u2019importance de la coop\u00e9ration au niveau continental : \u00ab Par ailleurs, je me consacrerai pleinement \u00e0 la promotion du cyclisme africain dans son ensemble, en travaillant en \u00e9troite synergie avec les F\u00e9d\u00e9rations nationales de tout le continent. Cette collaboration est essentielle, car la vision globale de l\u2019UCI consiste \u00e0 soutenir et d\u00e9velopper la pratique du cyclisme de mani\u00e8re \u00e9quilibr\u00e9e et durable dans tous les pays, sans distinction. Le programme \u00e9labor\u00e9 par cette institution internationale est particuli\u00e8rement ambitieux et structurant. Il offre la possibilit\u00e9 de constituer de nouvelles \u00e9quipes solides, qui pourront, gr\u00e2ce \u00e0 ce dispositif de soutien innovant, b\u00e9n\u00e9ficier d\u2019un encadrement technique et financier optimal, ce qui constitue un levier fondamental pour la mont\u00e9e en puissance et l\u2019\u00e9mergence durable de cette discipline sur notre continent. \u00bb<\/div>\n<div><\/div>\n<div><strong>\u00ab L\u2019Alg\u00e9rie accueillera des festivit\u00e9s internationales et le tour d\u2019Alg\u00e9rie 2026 sera exceptionnel \u00bb<\/strong><\/div>\n<div>Quant au programme de la F\u00e9d\u00e9ration alg\u00e9rienne de cyclisme pour cette nouvelle saison sportive, le pr\u00e9sident de la FAC affirme avec conviction : \u00ab Conform\u00e9ment \u00e0 la strat\u00e9gie claire et pr\u00e9cise trac\u00e9e par les hautes instances dirigeantes de notre pays, qui accordent une importance majeure au d\u00e9veloppement du domaine sportif, il est imp\u00e9ratif que l\u2019Alg\u00e9rie soit le th\u00e9\u00e2tre d\u2019\u00e9ch\u00e9ances internationales dans un large \u00e9ventail de disciplines sportives. Nous allons entamer cette saison en organisant, d\u00e8s ce mois d\u2019octobre, le prestigieux Grand Prix international d\u2019Alger, un \u00e9v\u00e8nement planifi\u00e9 en \u00e9troite collaboration avec la Ligue d\u2019Alger et qui b\u00e9n\u00e9ficiera de la participation de nombreuses \u00e9quipes \u00e9trang\u00e8res reconnues. Je souhaite \u00e9galement pr\u00e9ciser que des efforts soutenus ont \u00e9t\u00e9 d\u00e9ploy\u00e9s et que nous avons d\u00e9j\u00e0 entam\u00e9 les pr\u00e9paratifs pour le Tour d\u2019Alg\u00e9rie 2026, un tour qui sera v\u00e9ritablement exceptionnel par son organisation et son impact. Pour ce qui est de nos \u00e9quipes nationales, elles sont actuellement en pleine pr\u00e9paration pour les Championnats d\u2019Afrique qui se tiendront au mois de novembre prochain. Dans une perspective d\u2019am\u00e9lioration continue, nos \u00e9quipes auront \u00e0 l\u2019avenir l\u2019opportunit\u00e9 de profiter de stages et de pr\u00e9parations \u00e0 l\u2019\u00e9tranger, afin d\u2019acqu\u00e9rir l\u2019exp\u00e9rience indispensable en se confrontant aux meilleures \u00e9quipes internationales, ceci dans le cadre du programme global de d\u00e9veloppement mis en \u0153uvre par l\u2019Union cycliste internationale (UCI). C\u2019est pr\u00e9cis\u00e9ment pour ces raisons que je suis convaincu que mon \u00e9lection au sein du comit\u00e9 directeur doit avant tout b\u00e9n\u00e9ficier au rayonnement et \u00e0 l\u2019essor durable de notre pays \u00bb.<\/div>\n<div><\/div>\n<div><strong>\u00ab La diplomatie sportive alg\u00e9rienne est en plein essor et on d\u00e9fendra les int\u00e9r\u00eats de l\u2019Alg\u00e9rie \u00bb<\/strong><\/div>\n<div>Avant de conclure, Kheirredine Barbari n\u2019a pas manqu\u00e9 de rendre hommage \u00e0 tous ceux qui ont \u0153uvr\u00e9 pour que le cadre sportif alg\u00e9rien puisse \u00eatre introduit dans toutes les institutions sportives internationales.<\/div>\n<div>Il dira : \u00ab Gr\u00e2ce aux efforts conjugu\u00e9s de tout le monde, \u00e0 leur t\u00eate les hautes instances du pays, le travail des cadres sportifs alg\u00e9riens et les moyens mis \u00e0 leur disposition, la diplomatie sportive est en plein essor et c\u2019est \u00e0 nous, les f\u00e9d\u00e9rations, de valoriser cette strat\u00e9gie de l\u2019\u00c9tat et de donner les r\u00e9sultats souhait\u00e9s. Dieu merci, le cadre alg\u00e9rien a int\u00e9gr\u00e9 les institutions internationales et je peux vous citer Hammad, Meridja, Sadi et d\u2019autres cadres qui ont int\u00e9gr\u00e9 les institutions internationales, continentales ou territoriales, et tout cela est dans le cadre du retour de la diplomatie sportive. Cette r\u00e9ussite est le fruit des efforts conjugu\u00e9s de tout le monde et de la strat\u00e9gie des hautes autorit\u00e9s du pays, et nous allons d\u00e9fendre les int\u00e9r\u00eats de l\u2019Alg\u00e9rie. \u00bb<\/div>\n<div><\/div>\n<div style=\"text-align: right\"><strong>K. M.<\/strong><\/div>\n","protected":false},"excerpt":{"rendered":"<p>L\u2019\u00e9lection de Barbari au comit\u00e9 directeur de l\u2019UCI est une victoire nette qui refl\u00e8te la reconnaissance accord\u00e9e aux cadres sportifs alg\u00e9riens.\u00a0 Elle repr\u00e9sente une aubaine pour assister le cyclisme national, notamment pour l\u2019accompagnement des athl\u00e8tes dans la pr\u00e9paration des \u00e9v\u00e8nements internationaux qualificatifs pour les Jeux olympiques 2028 de Los Angeles. Elle servira aussi le cyclisme &hellip;<\/p>\n","protected":false},"author":3,"featured_media":123654,"comment_status":"closed","ping_status":"closed","sticky":false,"template":"","format":"standard","meta":{"footnotes":""},"categories":[129],"tags":[],"class_list":["post-123648","post","type-post","status-publish","format-standard","has-post-thumbnail","hentry","category-omnisport"],"_links":{"self":[{"href":"https:\/\/planetesport.dz\/index.php?rest_route=\/wp\/v2\/posts\/123648","targetHints":{"allow":["GET"]}}],"collection":[{"href":"https:\/\/planetesport.dz\/index.php?rest_route=\/wp\/v2\/posts"}],"about":[{"href":"https:\/\/planetesport.dz\/index.php?rest_route=\/wp\/v2\/types\/post"}],"author":[{"embeddable":true,"href":"https:\/\/planetesport.dz\/index.php?rest_route=\/wp\/v2\/users\/3"}],"replies":[{"embeddable":true,"href":"https:\/\/planetesport.dz\/index.php?rest_route=%2Fwp%2Fv2%2Fcomments&post=123648"}],"version-history":[{"count":1,"href":"https:\/\/planetesport.dz\/index.php?rest_route=\/wp\/v2\/posts\/123648\/revisions"}],"predecessor-version":[{"id":123708,"href":"https:\/\/planetesport.dz\/index.php?rest_route=\/wp\/v2\/posts\/123648\/revisions\/123708"}],"wp:featuredmedia":[{"embeddable":true,"href":"https:\/\/planetesport.dz\/index.php?rest_route=\/wp\/v2\/media\/123654"}],"wp:attachment":[{"href":"https:\/\/planetesport.dz\/index.php?rest_route=%2Fwp%2Fv2%2Fmedia&parent=123648"}],"wp:term":[{"taxonomy":"category","embeddable":true,"href":"https:\/\/planetesport.dz\/index.php?rest_route=%2Fwp%2Fv2%2Fcategories&post=123648"},{"taxonomy":"post_tag","embeddable":true,"href":"https:\/\/planetesport.dz\/index.php?rest_route=%2Fwp%2Fv2%2Ftags&post=123648"}],"curies":[{"name":"wp","href":"https:\/\/api.w.org\/{rel}","templated":true}]}}