{"id":123645,"date":"2025-09-29T22:51:40","date_gmt":"2025-09-29T22:51:40","guid":{"rendered":"https:\/\/planetesport.dz\/?p=123645"},"modified":"2025-09-29T22:51:40","modified_gmt":"2025-09-29T22:51:40","slug":"rabie-kohli-nomme-dtn-de-la-specialite-kata","status":"publish","type":"post","link":"https:\/\/planetesport.dz\/?p=123645","title":{"rendered":"Rabie Kohli nomm\u00e9 DTN de la sp\u00e9cialit\u00e9 kata"},"content":{"rendered":"<p><strong>Avec la nomination de Rabie Kohli au poste de directeur technique national (DTN) de la sp\u00e9cialit\u00e9 kata, suite \u00e0 la d\u00e9cision prise par Yacine Selini, pr\u00e9sident de la F\u00e9d\u00e9ration alg\u00e9rienne de judo, le kata conna\u00eet un tournant d\u00e9cisif, qui le valorise pleinement, car c\u2019est un pilier fondamental du judo, souvent sous-estim\u00e9 dans le panorama sportif national.<\/strong><\/p>\n<p><strong>Par B. Sadek<\/strong><\/p>\n<p>Cette nomination in\u00e9dite souligne l\u2019engagement de la F\u00e9d\u00e9ration \u00e0 promouvoir le kata, non seulement comme une forme artistique et technique essentielle du judo, mais aussi comme un axe strat\u00e9gique de d\u00e9veloppement. Rabie Kohli, reconnu internationalement pour son expertise et son palmar\u00e8s en kata, incarne l\u2019exemple parfait d\u2019un athl\u00e8te et d\u2019un entra\u00eeneur passionn\u00e9, qui a su s\u2019imposer par ses comp\u00e9tences bien au-del\u00e0 de son rang, confirmant que dans le judo, seuls le m\u00e9rite, le s\u00e9rieux et le savoir-faire priment. Le mois de mars 2025 avait d\u00e9j\u00e0 marqu\u00e9 un tournant avec la tenue du championnat national de judo consacr\u00e9 au kata, dans la wilaya de Tipasa. Cette comp\u00e9tition, qui a couvert les quatre styles majeurs du kata (Nage no Kata, Kime no Kata, Katame no Kata et Goshin Jutsu), avait attir\u00e9 une attention particuli\u00e8re, notamment celle des responsables de l\u2019Union africaine de judo (UAJ). La pr\u00e9sence de ces instances africaines d\u00e9montrait l\u2019importance croissante accord\u00e9e \u00e0 cette discipline technique et t\u00e9moigne du rayonnement progressif du judo alg\u00e9rien au niveau continental.<\/p>\n<p>Lors de cette comp\u00e9tition, Yacine Selini s\u2019\u00e9tait d\u00e9clar\u00e9 tr\u00e8s satisfait des performances et de l\u2019organisation, tout en insistant sur la n\u00e9cessit\u00e9 de renforcer et d\u2019am\u00e9liorer la qualit\u00e9 des comp\u00e9titions de kata sur le plan national. Pour la premi\u00e8re fois, deux entra\u00eeneurs nationaux ont \u00e9t\u00e9 nomm\u00e9s \u00e0 la t\u00eate de la s\u00e9lection nationale de kata, une mesure ambitieuse visant \u00e0 structurer l\u2019encadrement et \u00e0 pr\u00e9parer les athl\u00e8tes aux d\u00e9fis continentaux et mondiaux. Ces initiatives traduisent donc une volont\u00e9 claire de la F\u00e9d\u00e9ration de doter le kata d\u2019une acad\u00e9mie solide et d\u2019en faire un levier de r\u00e9ussite. Par ailleurs, Siteny Randrianasoloniako, pr\u00e9sident de l\u2019UAJ, a salu\u00e9 ces avanc\u00e9es en renouvelant sa confiance \u00e0 Yacine Selini, qu\u2019il a nomm\u00e9 pr\u00e9sident de l\u2019organisation des comp\u00e9titions africaines de judo au niveau continental. Une r\u00e9compense m\u00e9rit\u00e9e pour les efforts constants d\u00e9ploy\u00e9s dans le d\u00e9veloppement de la discipline en Alg\u00e9rie ; renfor\u00e7ant ainsi la place du pays sur la sc\u00e8ne africaine.<\/p>\n<p>L\u2019organisation de la comp\u00e9tition nationale de kata avait \u00e9t\u00e9 confi\u00e9e \u00e0 Rabie Kohli, en raison de sa riche exp\u00e9rience et de son statut de champion international, ce qui a donn\u00e9 un \u00e9v\u00e9nement de haute facture technique et organisationnelle. Sa nouvelle responsabilit\u00e9 lui permet de contribuer activement \u00e0 l\u2019\u00e9mergence d\u2019une nouvelle g\u00e9n\u00e9ration de sp\u00e9cialistes, capables de porter les couleurs de l\u2019Alg\u00e9rie dans ce domaine exigeant. En r\u00e9sum\u00e9, la nomination de Rabie Kohli comme DTN de la sp\u00e9cialit\u00e9 kata est bien plus qu\u2019un simple acte administratif : c\u2019est une juste r\u00e9compense pour un fid\u00e8le serviteur du judo alg\u00e9rien et le signe d\u2019une profonde volont\u00e9 f\u00e9d\u00e9rale de faire du kata une discipline incontournable, valoris\u00e9e et respect\u00e9e. Cette nomination ouvre \u00e9galement de nouvelles perspectives pour la formation, la comp\u00e9tition et la reconnaissance du judo dans sa diversit\u00e9, s\u2019inscrivant pleinement dans une dynamique de promotion sportive et culturelle pour tout le pays.<\/p>\n","protected":false},"excerpt":{"rendered":"<p>Avec la nomination de Rabie Kohli au poste de directeur technique national (DTN) de la sp\u00e9cialit\u00e9 kata, suite \u00e0 la d\u00e9cision prise par Yacine Selini, pr\u00e9sident de la F\u00e9d\u00e9ration alg\u00e9rienne de judo, le kata conna\u00eet un tournant d\u00e9cisif, qui le valorise pleinement, car c\u2019est un pilier fondamental du judo, souvent sous-estim\u00e9 dans le panorama sportif &hellip;<\/p>\n","protected":false},"author":3,"featured_media":123652,"comment_status":"closed","ping_status":"closed","sticky":false,"template":"","format":"standard","meta":{"footnotes":""},"categories":[162,129],"tags":[],"class_list":["post-123645","post","type-post","status-publish","format-standard","has-post-thumbnail","hentry","category-judo","category-omnisport"],"_links":{"self":[{"href":"https:\/\/planetesport.dz\/index.php?rest_route=\/wp\/v2\/posts\/123645","targetHints":{"allow":["GET"]}}],"collection":[{"href":"https:\/\/planetesport.dz\/index.php?rest_route=\/wp\/v2\/posts"}],"about":[{"href":"https:\/\/planetesport.dz\/index.php?rest_route=\/wp\/v2\/types\/post"}],"author":[{"embeddable":true,"href":"https:\/\/planetesport.dz\/index.php?rest_route=\/wp\/v2\/users\/3"}],"replies":[{"embeddable":true,"href":"https:\/\/planetesport.dz\/index.php?rest_route=%2Fwp%2Fv2%2Fcomments&post=123645"}],"version-history":[{"count":1,"href":"https:\/\/planetesport.dz\/index.php?rest_route=\/wp\/v2\/posts\/123645\/revisions"}],"predecessor-version":[{"id":123697,"href":"https:\/\/planetesport.dz\/index.php?rest_route=\/wp\/v2\/posts\/123645\/revisions\/123697"}],"wp:featuredmedia":[{"embeddable":true,"href":"https:\/\/planetesport.dz\/index.php?rest_route=\/wp\/v2\/media\/123652"}],"wp:attachment":[{"href":"https:\/\/planetesport.dz\/index.php?rest_route=%2Fwp%2Fv2%2Fmedia&parent=123645"}],"wp:term":[{"taxonomy":"category","embeddable":true,"href":"https:\/\/planetesport.dz\/index.php?rest_route=%2Fwp%2Fv2%2Fcategories&post=123645"},{"taxonomy":"post_tag","embeddable":true,"href":"https:\/\/planetesport.dz\/index.php?rest_route=%2Fwp%2Fv2%2Ftags&post=123645"}],"curies":[{"name":"wp","href":"https:\/\/api.w.org\/{rel}","templated":true}]}}