{"id":123644,"date":"2025-09-29T22:51:25","date_gmt":"2025-09-29T22:51:25","guid":{"rendered":"https:\/\/planetesport.dz\/?p=123644"},"modified":"2025-09-29T22:51:25","modified_gmt":"2025-09-29T22:51:25","slug":"rabie-kohli-nouveau-dtn-specialite-kata","status":"publish","type":"post","link":"https:\/\/planetesport.dz\/?p=123644","title":{"rendered":"Rabie Kohli (nouveau DTN, sp\u00e9cialit\u00e9 kata) :"},"content":{"rendered":"<p>\u00ab C&rsquo;est avec une grande fiert\u00e9 et un grand honneur que j&rsquo;adresse mes sinc\u00e8res remerciements au pr\u00e9sident de la FAJ, Yacine Selini, pour m\u2019avoir nomm\u00e9 directeur technique national du kata, la premi\u00e8re nomination de ce genre au niveau de la F\u00e9d\u00e9ration. Je renouvelle mon engagement \u00e0 \u0153uvrer pleinement pour l\u2019application des directives, notamment celles relatives au d\u00e9veloppement des cat\u00e9gories jeunes et \u00e0 la construction d&rsquo;un programme ambitieux garantissant un avenir prometteur pour le kata en Alg\u00e9rie. Selini insiste pour le d\u00e9veloppement du judo, notamment du kata, pour donner un plus au judo national. Une s\u00e9lection nationale de kata a d\u2019ailleurs \u00e9t\u00e9 form\u00e9e, et a m\u00eame effectu\u00e9 un stage \u00e0 Sidi Bel-Abb\u00e8s. Cette s\u00e9lection, appel\u00e9e \u00e0 repr\u00e9senter l\u2019Alg\u00e9rie aux comp\u00e9titions continentales et internationales, est encadr\u00e9e par deux entra\u00eeneurs exp\u00e9riment\u00e9s, Rachid Messaadia et Ferhat Loutis. L\u2019int\u00e9r\u00eat port\u00e9 au kata permettra aussi aux clubs et aux ligues d\u2019avancer dans cette sp\u00e9cialit\u00e9 et sur le plan technique. Le plus important, c\u2019est l\u2019int\u00e9r\u00eat g\u00e9n\u00e9ral de la discipline et l\u2019atteinte des objectifs fix\u00e9s par la F\u00e9d\u00e9ration pour la promotion et le devenir de la discipline. Merci \u00e0 tous ceux qui nous soutiennent et \u00e0 ceux, nombreux, qui m\u2019ont adress\u00e9 des messages de f\u00e9licitations pour ce poste de DTN. \u00bb<\/p>\n<p style=\"text-align: right\">\n<strong>B. Sadek<\/strong><\/p>\n","protected":false},"excerpt":{"rendered":"<p>\u00ab C&rsquo;est avec une grande fiert\u00e9 et un grand honneur que j&rsquo;adresse mes sinc\u00e8res remerciements au pr\u00e9sident de la FAJ, Yacine Selini, pour m\u2019avoir nomm\u00e9 directeur technique national du kata, la premi\u00e8re nomination de ce genre au niveau de la F\u00e9d\u00e9ration. Je renouvelle mon engagement \u00e0 \u0153uvrer pleinement pour l\u2019application des directives, notamment celles relatives &hellip;<\/p>\n","protected":false},"author":3,"featured_media":123651,"comment_status":"closed","ping_status":"closed","sticky":false,"template":"","format":"standard","meta":{"footnotes":""},"categories":[162,129],"tags":[],"class_list":["post-123644","post","type-post","status-publish","format-standard","has-post-thumbnail","hentry","category-judo","category-omnisport"],"_links":{"self":[{"href":"https:\/\/planetesport.dz\/index.php?rest_route=\/wp\/v2\/posts\/123644","targetHints":{"allow":["GET"]}}],"collection":[{"href":"https:\/\/planetesport.dz\/index.php?rest_route=\/wp\/v2\/posts"}],"about":[{"href":"https:\/\/planetesport.dz\/index.php?rest_route=\/wp\/v2\/types\/post"}],"author":[{"embeddable":true,"href":"https:\/\/planetesport.dz\/index.php?rest_route=\/wp\/v2\/users\/3"}],"replies":[{"embeddable":true,"href":"https:\/\/planetesport.dz\/index.php?rest_route=%2Fwp%2Fv2%2Fcomments&post=123644"}],"version-history":[{"count":1,"href":"https:\/\/planetesport.dz\/index.php?rest_route=\/wp\/v2\/posts\/123644\/revisions"}],"predecessor-version":[{"id":123696,"href":"https:\/\/planetesport.dz\/index.php?rest_route=\/wp\/v2\/posts\/123644\/revisions\/123696"}],"wp:featuredmedia":[{"embeddable":true,"href":"https:\/\/planetesport.dz\/index.php?rest_route=\/wp\/v2\/media\/123651"}],"wp:attachment":[{"href":"https:\/\/planetesport.dz\/index.php?rest_route=%2Fwp%2Fv2%2Fmedia&parent=123644"}],"wp:term":[{"taxonomy":"category","embeddable":true,"href":"https:\/\/planetesport.dz\/index.php?rest_route=%2Fwp%2Fv2%2Fcategories&post=123644"},{"taxonomy":"post_tag","embeddable":true,"href":"https:\/\/planetesport.dz\/index.php?rest_route=%2Fwp%2Fv2%2Ftags&post=123644"}],"curies":[{"name":"wp","href":"https:\/\/api.w.org\/{rel}","templated":true}]}}