{"id":123609,"date":"2025-09-29T22:50:27","date_gmt":"2025-09-29T22:50:27","guid":{"rendered":"https:\/\/planetesport.dz\/?p=123609"},"modified":"2025-09-29T22:50:27","modified_gmt":"2025-09-29T22:50:27","slug":"neymar-encore-stoppe-par-les-blessures-retour-repousse-mondial-2026-en-danger","status":"publish","type":"post","link":"https:\/\/planetesport.dz\/?p=123609","title":{"rendered":"Neymar encore stopp\u00e9 par les blessures : retour repouss\u00e9, Mondial-2026 en danger ?"},"content":{"rendered":"<p>Neymar traverse une nouvelle \u00e9preuve compliqu\u00e9e. Touch\u00e9 \u00e0 la cuisse droite depuis la mi-septembre, l\u2019attaquant de Santos ne reprendra pas avant novembre, comme l\u2019a confirm\u00e9 le pr\u00e9sident du club Marcelo Teixeira. Une absence qui tombe mal, alors que le Peixe lutte pour son maintien en championnat br\u00e9silien. Depuis son retour \u00e0 Santos d\u00e9but 2025, le Br\u00e9silien de 33 ans accumule les p\u00e9pins physiques. En dix mois, il n\u2019a disput\u00e9 que 21 matchs pour 6 buts inscrits. Ces blessures r\u00e9currentes l\u2019ont aussi priv\u00e9 de la Sele\u00e7\u00e3o, qu\u2019il n\u2019a plus repr\u00e9sent\u00e9e depuis octobre 2023 apr\u00e8s une grave blessure au genou. La non-convocation par Carlo Ancelotti en septembre dernier a d\u2019ailleurs jet\u00e9 un froid dans sa relation avec le s\u00e9lectionneur. \u00c0 deux ans de la Coupe du monde 2026, Neymar joue gros. Sa capacit\u00e9 \u00e0 retrouver son meilleur niveau conditionnera non seulement le destin de Santos dans sa lutte pour le maintien, mais aussi ses chances de redevenir un pilier de la Sele\u00e7\u00e3o. Le compte \u00e0 rebours est lanc\u00e9.<\/p>\n","protected":false},"excerpt":{"rendered":"<p>Neymar traverse une nouvelle \u00e9preuve compliqu\u00e9e. Touch\u00e9 \u00e0 la cuisse droite depuis la mi-septembre, l\u2019attaquant de Santos ne reprendra pas avant novembre, comme l\u2019a confirm\u00e9 le pr\u00e9sident du club Marcelo Teixeira. Une absence qui tombe mal, alors que le Peixe lutte pour son maintien en championnat br\u00e9silien. Depuis son retour \u00e0 Santos d\u00e9but 2025, le &hellip;<\/p>\n","protected":false},"author":3,"featured_media":123641,"comment_status":"closed","ping_status":"closed","sticky":false,"template":"","format":"standard","meta":{"footnotes":""},"categories":[128],"tags":[],"class_list":["post-123609","post","type-post","status-publish","format-standard","has-post-thumbnail","hentry","category-football-etranger"],"_links":{"self":[{"href":"https:\/\/planetesport.dz\/index.php?rest_route=\/wp\/v2\/posts\/123609","targetHints":{"allow":["GET"]}}],"collection":[{"href":"https:\/\/planetesport.dz\/index.php?rest_route=\/wp\/v2\/posts"}],"about":[{"href":"https:\/\/planetesport.dz\/index.php?rest_route=\/wp\/v2\/types\/post"}],"author":[{"embeddable":true,"href":"https:\/\/planetesport.dz\/index.php?rest_route=\/wp\/v2\/users\/3"}],"replies":[{"embeddable":true,"href":"https:\/\/planetesport.dz\/index.php?rest_route=%2Fwp%2Fv2%2Fcomments&post=123609"}],"version-history":[{"count":1,"href":"https:\/\/planetesport.dz\/index.php?rest_route=\/wp\/v2\/posts\/123609\/revisions"}],"predecessor-version":[{"id":123692,"href":"https:\/\/planetesport.dz\/index.php?rest_route=\/wp\/v2\/posts\/123609\/revisions\/123692"}],"wp:featuredmedia":[{"embeddable":true,"href":"https:\/\/planetesport.dz\/index.php?rest_route=\/wp\/v2\/media\/123641"}],"wp:attachment":[{"href":"https:\/\/planetesport.dz\/index.php?rest_route=%2Fwp%2Fv2%2Fmedia&parent=123609"}],"wp:term":[{"taxonomy":"category","embeddable":true,"href":"https:\/\/planetesport.dz\/index.php?rest_route=%2Fwp%2Fv2%2Fcategories&post=123609"},{"taxonomy":"post_tag","embeddable":true,"href":"https:\/\/planetesport.dz\/index.php?rest_route=%2Fwp%2Fv2%2Ftags&post=123609"}],"curies":[{"name":"wp","href":"https:\/\/api.w.org\/{rel}","templated":true}]}}