{"id":122789,"date":"2025-09-22T22:47:04","date_gmt":"2025-09-22T22:47:04","guid":{"rendered":"https:\/\/planetesport.dz\/?p=122789"},"modified":"2025-09-22T22:47:04","modified_gmt":"2025-09-22T22:47:04","slug":"tamadartaza-les-resultats-realises-refletent-la-qualite-de-notre-preparation","status":"publish","type":"post","link":"https:\/\/planetesport.dz\/?p=122789","title":{"rendered":"Tamadartaza : \u00ab Les r\u00e9sultats r\u00e9alis\u00e9s refl\u00e8tent la qualit\u00e9 de notre pr\u00e9paration \u00bb"},"content":{"rendered":"<div><strong>L\u2019\u00e9quipe nationale alg\u00e9rienne de volley-ball seniors hommes, a termin\u00e9 son parcours au Mondial-2025 aux Philippines au premier tour, marqu\u00e9e par trois d\u00e9faites nettes contre l\u2019Italie, l\u2019Ukraine et la Belgique. Ce retour sur la sc\u00e8ne mondiale, apr\u00e8s une absence de 27 ans, n\u2019a pas permis au Six national de briller cette fois-ci.<\/strong><\/div>\n<div><\/div>\n<div>Le pr\u00e9sident de la F\u00e9d\u00e9ration alg\u00e9rienne de volley-ball (FAVB), Mohand Tamadartaza, a expliqu\u00e9 que ces r\u00e9sultats refl\u00e9taient la qualit\u00e9 de la pr\u00e9paration de l\u2019\u00e9quipe. Il\u00a0 a \u00e9voqu\u00e9 l\u2019absence de deux stages essentiels, en Lituanie et en Tunisie, et cela a pes\u00e9 lourd sur la performance de l\u2019\u00e9quipe. En Lituanie, le manager n\u2019a pu organiser que trois matchs amicaux au lieu des six esp\u00e9r\u00e9s, ce qui a conduit \u00e0 renoncer au d\u00e9placement en raison du co\u00fbt trop \u00e9lev\u00e9 des billets. Quant au stage en Tunisie, l\u2019invitation tardive et la difficult\u00e9 \u00e0 trouver des places pour un vol direct ont emp\u00each\u00e9 la participation, le trajet routier \u00e9tant jug\u00e9 trop fatigant pour les joueurs. Malgr\u00e9 ce d\u00e9ficit de rencontres amicales, les joueurs ont fourni de gros efforts sur le terrain, mais les exigences du niveau mondial sont telles qu\u2019il est parfois impossible de compenser certaines lacunes uniquement par la d\u00e9termination. Avant de s\u2019envoler pour les Philippines, l\u2019objectif \u00e9tait d\u2019abord de proposer une prestation digne, ce Mondial servant de tremplin pour pr\u00e9parer les \u00e9ch\u00e9ances \u00e0 venir, notamment les Championnats d\u2019Afrique 2026.<\/div>\n<div><\/div>\n<div>Pour amorcer une nouvelle phase de reconstruction, Tamadartaza a indiqu\u00e9 que l\u2019int\u00e9gration progressive de jeunes joueurs U-19 serait une priorit\u00e9. Construire un Six national d\u2019avenir implique de pr\u00e9parer la rel\u00e8ve avec pour but de dominer le Championnat d\u2019Afrique 2026 avant de viser des succ\u00e8s sur la sc\u00e8ne mondiale. Ce plan constitue selon lui une progression logique et structur\u00e9e. Par ailleurs, m\u00eame si la convention officielle entre la FAVB et la F\u00e9d\u00e9ration polonaise n\u2019est pas encore paraph\u00e9e, un partenariat est d\u00e9j\u00e0 en cours. Une invitation sera prochainement adress\u00e9e \u00e0 la partie polonaise pour une visite \u00e0 Alger apr\u00e8s la comp\u00e9tition mondiale, afin de discuter des modalit\u00e9s de coop\u00e9ration. L\u2019objectif est de multiplier les stages en Pologne et d\u2019offrir \u00e0 nos \u00e9quipes un volume important de matchs amicaux contre des s\u00e9lections ou clubs locaux. La FAVB entend ainsi permettre \u00e0 toutes les s\u00e9lections nationales de b\u00e9n\u00e9ficier de l\u2019exp\u00e9rience reconnue de la Pologne en volley-ball, notamment gr\u00e2ce \u00e0 la convention qui sera bient\u00f4t sign\u00e9e. Ce partenariat devrait \u00e9galement permettre \u00e0 nos techniciens de profiter d\u2019un enrichissement \u00e0 travers des programmes de recyclage.<\/div>\n<div><\/div>\n<div style=\"text-align: right\"><strong>K. M.\u00a0<\/strong><\/div>\n","protected":false},"excerpt":{"rendered":"<p>L\u2019\u00e9quipe nationale alg\u00e9rienne de volley-ball seniors hommes, a termin\u00e9 son parcours au Mondial-2025 aux Philippines au premier tour, marqu\u00e9e par trois d\u00e9faites nettes contre l\u2019Italie, l\u2019Ukraine et la Belgique. Ce retour sur la sc\u00e8ne mondiale, apr\u00e8s une absence de 27 ans, n\u2019a pas permis au Six national de briller cette fois-ci. Le pr\u00e9sident de la &hellip;<\/p>\n","protected":false},"author":3,"featured_media":122827,"comment_status":"closed","ping_status":"closed","sticky":false,"template":"","format":"standard","meta":{"footnotes":""},"categories":[129,161],"tags":[],"class_list":["post-122789","post","type-post","status-publish","format-standard","has-post-thumbnail","hentry","category-omnisport","category-volley"],"_links":{"self":[{"href":"https:\/\/planetesport.dz\/index.php?rest_route=\/wp\/v2\/posts\/122789","targetHints":{"allow":["GET"]}}],"collection":[{"href":"https:\/\/planetesport.dz\/index.php?rest_route=\/wp\/v2\/posts"}],"about":[{"href":"https:\/\/planetesport.dz\/index.php?rest_route=\/wp\/v2\/types\/post"}],"author":[{"embeddable":true,"href":"https:\/\/planetesport.dz\/index.php?rest_route=\/wp\/v2\/users\/3"}],"replies":[{"embeddable":true,"href":"https:\/\/planetesport.dz\/index.php?rest_route=%2Fwp%2Fv2%2Fcomments&post=122789"}],"version-history":[{"count":1,"href":"https:\/\/planetesport.dz\/index.php?rest_route=\/wp\/v2\/posts\/122789\/revisions"}],"predecessor-version":[{"id":122875,"href":"https:\/\/planetesport.dz\/index.php?rest_route=\/wp\/v2\/posts\/122789\/revisions\/122875"}],"wp:featuredmedia":[{"embeddable":true,"href":"https:\/\/planetesport.dz\/index.php?rest_route=\/wp\/v2\/media\/122827"}],"wp:attachment":[{"href":"https:\/\/planetesport.dz\/index.php?rest_route=%2Fwp%2Fv2%2Fmedia&parent=122789"}],"wp:term":[{"taxonomy":"category","embeddable":true,"href":"https:\/\/planetesport.dz\/index.php?rest_route=%2Fwp%2Fv2%2Fcategories&post=122789"},{"taxonomy":"post_tag","embeddable":true,"href":"https:\/\/planetesport.dz\/index.php?rest_route=%2Fwp%2Fv2%2Ftags&post=122789"}],"curies":[{"name":"wp","href":"https:\/\/api.w.org\/{rel}","templated":true}]}}