{"id":120262,"date":"2025-09-03T23:21:06","date_gmt":"2025-09-03T23:21:06","guid":{"rendered":"https:\/\/planetesport.dz\/?p=120262"},"modified":"2025-09-03T23:21:06","modified_gmt":"2025-09-03T23:21:06","slug":"benjamin-pavard-derniere-recrue-de-lom","status":"publish","type":"post","link":"https:\/\/planetesport.dz\/?p=120262","title":{"rendered":"Benjamin Pavard, derni\u00e8re recrue de l\u2019OM"},"content":{"rendered":"<p>Derni\u00e8re recrue de l\u2019Olympique de Marseille sur le mercato estival, Benjamin Pavard a livr\u00e9 ses premi\u00e8res impressions. Si l\u2019Olympique de Marseille a vu Adrien Rabiot lui \u00e9chapper dans les derni\u00e8res heures du mercato estival, le club phoc\u00e9en s\u2019est tout de m\u00eame offert un joli coup. Roberto De Zerbi pourra compter sur Benjamin Pavard, champion du monde 2018, pour renforcer sa d\u00e9fense et y apporter exp\u00e9rience et s\u00e9r\u00e9nit\u00e9 d\u00e8s les prochaines semaines. Arriv\u00e9 en provenance de l\u2019Inter Milan, le d\u00e9fenseur polyvalent de 29 ans est pr\u00eat\u00e9 avec option d\u2019achat fix\u00e9e \u00e0 15 millions d\u2019euros. Une recrue d\u2019envergure pour l\u2019OM, qui cherchait depuis plusieurs semaines un joueur capable d\u2019apporter de la solidit\u00e9 \u00e0 son arri\u00e8re-garde. D\u00e9j\u00e0 concentr\u00e9 sur ses \u00e9ch\u00e9ances avec l\u2019\u00e9quipe de France, Pavard n\u2019a pas tard\u00e9 \u00e0 livrer ses premiers mots en tant que Marseillais. Depuis Clairefontaine, il a exprim\u00e9 son enthousiasme \u00e0 l\u2019id\u00e9e de d\u00e9couvrir le V\u00e9lodrome et son public. \u00ab Tr\u00e8s heureux de rejoindre l\u2019Olympique de Marseille, un club prestigieux. D\u00e9j\u00e0 h\u00e2te de vous voir tous au V\u00e9lodrome. Je vous dis \u00e0 bient\u00f4t. Allez l\u2019OM ! \u00bb, a d\u00e9clar\u00e9 l\u2019ancien joueur du Bayern Munich. Peut-on lire sur le site sport.fr.<\/p>\n","protected":false},"excerpt":{"rendered":"<p>Derni\u00e8re recrue de l\u2019Olympique de Marseille sur le mercato estival, Benjamin Pavard a livr\u00e9 ses premi\u00e8res impressions. Si l\u2019Olympique de Marseille a vu Adrien Rabiot lui \u00e9chapper dans les derni\u00e8res heures du mercato estival, le club phoc\u00e9en s\u2019est tout de m\u00eame offert un joli coup. Roberto De Zerbi pourra compter sur Benjamin Pavard, champion du &hellip;<\/p>\n","protected":false},"author":3,"featured_media":120310,"comment_status":"closed","ping_status":"closed","sticky":false,"template":"","format":"standard","meta":{"footnotes":""},"categories":[128],"tags":[],"class_list":["post-120262","post","type-post","status-publish","format-standard","has-post-thumbnail","hentry","category-football-etranger"],"_links":{"self":[{"href":"https:\/\/planetesport.dz\/index.php?rest_route=\/wp\/v2\/posts\/120262","targetHints":{"allow":["GET"]}}],"collection":[{"href":"https:\/\/planetesport.dz\/index.php?rest_route=\/wp\/v2\/posts"}],"about":[{"href":"https:\/\/planetesport.dz\/index.php?rest_route=\/wp\/v2\/types\/post"}],"author":[{"embeddable":true,"href":"https:\/\/planetesport.dz\/index.php?rest_route=\/wp\/v2\/users\/3"}],"replies":[{"embeddable":true,"href":"https:\/\/planetesport.dz\/index.php?rest_route=%2Fwp%2Fv2%2Fcomments&post=120262"}],"version-history":[{"count":1,"href":"https:\/\/planetesport.dz\/index.php?rest_route=\/wp\/v2\/posts\/120262\/revisions"}],"predecessor-version":[{"id":120353,"href":"https:\/\/planetesport.dz\/index.php?rest_route=\/wp\/v2\/posts\/120262\/revisions\/120353"}],"wp:featuredmedia":[{"embeddable":true,"href":"https:\/\/planetesport.dz\/index.php?rest_route=\/wp\/v2\/media\/120310"}],"wp:attachment":[{"href":"https:\/\/planetesport.dz\/index.php?rest_route=%2Fwp%2Fv2%2Fmedia&parent=120262"}],"wp:term":[{"taxonomy":"category","embeddable":true,"href":"https:\/\/planetesport.dz\/index.php?rest_route=%2Fwp%2Fv2%2Fcategories&post=120262"},{"taxonomy":"post_tag","embeddable":true,"href":"https:\/\/planetesport.dz\/index.php?rest_route=%2Fwp%2Fv2%2Ftags&post=120262"}],"curies":[{"name":"wp","href":"https:\/\/api.w.org\/{rel}","templated":true}]}}