{"id":119727,"date":"2025-08-30T23:20:25","date_gmt":"2025-08-30T23:20:25","guid":{"rendered":"https:\/\/planetesport.dz\/?p=119727"},"modified":"2025-08-30T23:20:25","modified_gmt":"2025-08-30T23:20:25","slug":"la-selection-nationale-en-stage-a-tikjda","status":"publish","type":"post","link":"https:\/\/planetesport.dz\/?p=119727","title":{"rendered":"La s\u00e9lection nationale en stage \u00e0 Tikjda"},"content":{"rendered":"<p>Dans l\u2019optique de pr\u00e9parer les prochaines \u00e9ch\u00e9ances internationales, la s\u00e9lection nationale de judo cadets (gar\u00e7ons) a entam\u00e9 jeudi dernier un stage de pr\u00e9paration au centre national des sports et de loisirs de Tikjda. Cette premi\u00e8re \u00e9tape, qui s\u2019\u00e9tendra jusqu\u2019au 14 septembre, pr\u00e9c\u00e8de un second regroupement \u00e0 l\u2019\u00e9tranger, pr\u00e9vu en Ouzb\u00e9kistan. Situ\u00e9 au c\u0153ur des montagnes du Djurdjura, le site de Tikjda offre des conditions propices \u00e0 la pr\u00e9paration intensive, tant sur le plan physique que mental. Les jeunes judokas b\u00e9n\u00e9ficieront d\u2019un environnement naturel favorable au travail d\u2019endurance, \u00e0 l\u2019am\u00e9lioration de la condition physique et \u00e0 la concentration. Ce choix confirme la volont\u00e9 de la F\u00e9d\u00e9ration alg\u00e9rienne de judo de mettre les athl\u00e8tes dans les meilleures dispositions possibles.<\/p>\n<p><strong>Un objectif clair pour le staff<\/strong><br \/>\nLe programme du stage mettra l\u2019accent sur deux volets essentiels : d\u2019abord le perfectionnement technique sur les tatamis, ainsi que le renforcement psychologique. Les entra\u00eeneurs ont pr\u00e9vu des s\u00e9ances sp\u00e9cifiques pour corriger les d\u00e9tails li\u00e9s aux prises, aux encha\u00eenements et aux strat\u00e9gies de combat. En parall\u00e8le, une pr\u00e9paration mentale sera assur\u00e9e pour doter les jeunes judokas de la confiance et de la s\u00e9r\u00e9nit\u00e9 n\u00e9cessaires face \u00e0 la pression des comp\u00e9titions internationales.<\/p>\n<p><strong>Les encouragements de Yacine Selini<\/strong><br \/>\nAvant le d\u00e9part vers Tikjda, les athl\u00e8tes ont \u00e9t\u00e9 re\u00e7us au si\u00e8ge de la F\u00e9d\u00e9ration alg\u00e9rienne de judo par le pr\u00e9sident, Yacine Selini. Ce dernier a tenu \u00e0 f\u00e9liciter les jeunes athl\u00e8tes tout en leur rappelant le soutien ind\u00e9fectible de l\u2019instance f\u00e9d\u00e9rale. Selini a insist\u00e9 sur l\u2019importance de conjuguer rigueur, discipline et esprit d\u2019\u00e9quipe pour repr\u00e9senter dignement les couleurs nationales. Il a \u00e9galement promis un accompagnement continu afin d\u2019assurer une pr\u00e9paration optimale.<\/p>\n<p><strong>Un autre stage est pr\u00e9vu en Ouzb\u00e9kistan<\/strong><br \/>\n\u00c0 l\u2019issue de ce stage de trois semaines, la s\u00e9lection nationale prendra part \u00e0 une autre pr\u00e9paration, mais \u00e0 l\u2019\u00e9tranger cette fois, plus pr\u00e9cis\u00e9ment en Ouzb\u00e9kistan. Une \u00e9tape d\u00e9cisive qui permettra aux judokas alg\u00e9riens de se mesurer \u00e0 d\u2019autres \u00e9coles de judo et d\u2019acqu\u00e9rir une exp\u00e9rience enrichissante. Cette confrontation avec des athl\u00e8tes de haut niveau vise \u00e0 renforcer la comp\u00e9titivit\u00e9 des cadets et \u00e0 affiner leur pr\u00e9paration avant les rendez-vous majeurs de la saison. De l\u2019avis de l\u2019ensemble des observateurs, ce programme t\u00e9moigne de la volont\u00e9 de la f\u00e9d\u00e9ration d\u2019investir dans la rel\u00e8ve du judo alg\u00e9rien. Avec de tels regroupements, alliant rigueur et ouverture \u00e0 l\u2019international, l\u2019Alg\u00e9rie esp\u00e8re b\u00e2tir une g\u00e9n\u00e9ration capable de briller sur la sc\u00e8ne africaine et mondiale dans les ann\u00e9es \u00e0 venir. C\u2019est la raison pour laquelle le staff veut mettre toutes les chances de son c\u00f4t\u00e9 pour r\u00e9ussir cette nouvelle \u00e9tape internationale, tout en misant \u00e9galement sur les prochaines \u00e9ch\u00e9ances africaines, surtout que le judo alg\u00e9rien a une r\u00e9putation \u00e0 d\u00e9fendre.<\/p>\n<p style=\"text-align: right\">\n<strong>A. A.<\/strong><\/p>\n","protected":false},"excerpt":{"rendered":"<p>Dans l\u2019optique de pr\u00e9parer les prochaines \u00e9ch\u00e9ances internationales, la s\u00e9lection nationale de judo cadets (gar\u00e7ons) a entam\u00e9 jeudi dernier un stage de pr\u00e9paration au centre national des sports et de loisirs de Tikjda. Cette premi\u00e8re \u00e9tape, qui s\u2019\u00e9tendra jusqu\u2019au 14 septembre, pr\u00e9c\u00e8de un second regroupement \u00e0 l\u2019\u00e9tranger, pr\u00e9vu en Ouzb\u00e9kistan. Situ\u00e9 au c\u0153ur des montagnes &hellip;<\/p>\n","protected":false},"author":3,"featured_media":119787,"comment_status":"closed","ping_status":"closed","sticky":false,"template":"","format":"standard","meta":{"footnotes":""},"categories":[162,129],"tags":[],"class_list":["post-119727","post","type-post","status-publish","format-standard","has-post-thumbnail","hentry","category-judo","category-omnisport"],"_links":{"self":[{"href":"https:\/\/planetesport.dz\/index.php?rest_route=\/wp\/v2\/posts\/119727","targetHints":{"allow":["GET"]}}],"collection":[{"href":"https:\/\/planetesport.dz\/index.php?rest_route=\/wp\/v2\/posts"}],"about":[{"href":"https:\/\/planetesport.dz\/index.php?rest_route=\/wp\/v2\/types\/post"}],"author":[{"embeddable":true,"href":"https:\/\/planetesport.dz\/index.php?rest_route=\/wp\/v2\/users\/3"}],"replies":[{"embeddable":true,"href":"https:\/\/planetesport.dz\/index.php?rest_route=%2Fwp%2Fv2%2Fcomments&post=119727"}],"version-history":[{"count":1,"href":"https:\/\/planetesport.dz\/index.php?rest_route=\/wp\/v2\/posts\/119727\/revisions"}],"predecessor-version":[{"id":119829,"href":"https:\/\/planetesport.dz\/index.php?rest_route=\/wp\/v2\/posts\/119727\/revisions\/119829"}],"wp:featuredmedia":[{"embeddable":true,"href":"https:\/\/planetesport.dz\/index.php?rest_route=\/wp\/v2\/media\/119787"}],"wp:attachment":[{"href":"https:\/\/planetesport.dz\/index.php?rest_route=%2Fwp%2Fv2%2Fmedia&parent=119727"}],"wp:term":[{"taxonomy":"category","embeddable":true,"href":"https:\/\/planetesport.dz\/index.php?rest_route=%2Fwp%2Fv2%2Fcategories&post=119727"},{"taxonomy":"post_tag","embeddable":true,"href":"https:\/\/planetesport.dz\/index.php?rest_route=%2Fwp%2Fv2%2Ftags&post=119727"}],"curies":[{"name":"wp","href":"https:\/\/api.w.org\/{rel}","templated":true}]}}