{"id":118671,"date":"2025-08-24T08:27:38","date_gmt":"2025-08-24T08:27:38","guid":{"rendered":"https:\/\/planetesport.dz\/?p=118671"},"modified":"2025-08-24T08:27:38","modified_gmt":"2025-08-24T08:27:38","slug":"le-retour-dendrick-au-real-madrid-se-precise","status":"publish","type":"post","link":"https:\/\/planetesport.dz\/?p=118671","title":{"rendered":"Le retour d\u2019Endrick au Real Madrid se pr\u00e9cise"},"content":{"rendered":"<p>Apr\u00e8s une rechute en juillet d\u2019une blessure initialement survenue en mai, Endrick poursuit la phase finale de sa r\u00e9cup\u00e9ration. L\u2019objectif est d\u2019\u00eatre totalement r\u00e9tabli apr\u00e8s la tr\u00eave internationale de septembre, avec une possible apparition contre la Real Sociedad (13 ou 14 septembre) en ligne de mire, explique le quotidien AS. Peut-on lire sur le site footmercato.net. Le jeune attaquant multiplie les efforts \u00e0 Valdebebas : course continue, reprise sur le terrain, et bient\u00f4t des exercices en groupe. Le staff ne veut prendre aucun risque et privil\u00e9gie une reprise progressive, sans pr\u00e9cipitation. Le club compte sur lui pour l\u2019ensemble de la saison, d\u2019autant plus que l\u2019international br\u00e9silien (14 s\u00e9lections, 3 buts) porte d\u00e9sormais le num\u00e9ro 9 et nourrit l\u2019ambition de convaincre Xabi Alonso, tout en gardant un \u0153il sur la Coupe du monde 2026.<\/p>\n<p>&nbsp;<\/p>\n","protected":false},"excerpt":{"rendered":"<p>Apr\u00e8s une rechute en juillet d\u2019une blessure initialement survenue en mai, Endrick poursuit la phase finale de sa r\u00e9cup\u00e9ration. L\u2019objectif est d\u2019\u00eatre totalement r\u00e9tabli apr\u00e8s la tr\u00eave internationale de septembre, avec une possible apparition contre la Real Sociedad (13 ou 14 septembre) en ligne de mire, explique le quotidien AS. Peut-on lire sur le site &hellip;<\/p>\n","protected":false},"author":3,"featured_media":118730,"comment_status":"closed","ping_status":"closed","sticky":false,"template":"","format":"standard","meta":{"footnotes":""},"categories":[128],"tags":[],"class_list":["post-118671","post","type-post","status-publish","format-standard","has-post-thumbnail","hentry","category-football-etranger"],"_links":{"self":[{"href":"https:\/\/planetesport.dz\/index.php?rest_route=\/wp\/v2\/posts\/118671","targetHints":{"allow":["GET"]}}],"collection":[{"href":"https:\/\/planetesport.dz\/index.php?rest_route=\/wp\/v2\/posts"}],"about":[{"href":"https:\/\/planetesport.dz\/index.php?rest_route=\/wp\/v2\/types\/post"}],"author":[{"embeddable":true,"href":"https:\/\/planetesport.dz\/index.php?rest_route=\/wp\/v2\/users\/3"}],"replies":[{"embeddable":true,"href":"https:\/\/planetesport.dz\/index.php?rest_route=%2Fwp%2Fv2%2Fcomments&post=118671"}],"version-history":[{"count":1,"href":"https:\/\/planetesport.dz\/index.php?rest_route=\/wp\/v2\/posts\/118671\/revisions"}],"predecessor-version":[{"id":118806,"href":"https:\/\/planetesport.dz\/index.php?rest_route=\/wp\/v2\/posts\/118671\/revisions\/118806"}],"wp:featuredmedia":[{"embeddable":true,"href":"https:\/\/planetesport.dz\/index.php?rest_route=\/wp\/v2\/media\/118730"}],"wp:attachment":[{"href":"https:\/\/planetesport.dz\/index.php?rest_route=%2Fwp%2Fv2%2Fmedia&parent=118671"}],"wp:term":[{"taxonomy":"category","embeddable":true,"href":"https:\/\/planetesport.dz\/index.php?rest_route=%2Fwp%2Fv2%2Fcategories&post=118671"},{"taxonomy":"post_tag","embeddable":true,"href":"https:\/\/planetesport.dz\/index.php?rest_route=%2Fwp%2Fv2%2Ftags&post=118671"}],"curies":[{"name":"wp","href":"https:\/\/api.w.org\/{rel}","templated":true}]}}