{"id":118667,"date":"2025-08-24T08:27:32","date_gmt":"2025-08-24T08:27:32","guid":{"rendered":"https:\/\/planetesport.dz\/?p=118667"},"modified":"2025-08-24T08:27:32","modified_gmt":"2025-08-24T08:27:32","slug":"aissa-mandi-de-retour","status":"publish","type":"post","link":"https:\/\/planetesport.dz\/?p=118667","title":{"rendered":"A\u00efssa Mandi de retour"},"content":{"rendered":"<p>Bonne nouvelle pour Lille et pour la s\u00e9lection alg\u00e9rienne. A\u00efssa Mandi a retrouv\u00e9 le groupe nordiste cette semaine. Le d\u00e9fenseur axial, touch\u00e9 lors d\u2019un match de pr\u00e9paration et absent de la premi\u00e8re journ\u00e9e de Ligue 1 face \u00e0 Brest, s\u2019est remis de sa blessure et figure dans les plans de Bruno Genesio pour le d\u00e9placement \u00e0 Monaco ce dimanche. Mandi dispute sa deuxi\u00e8me et derni\u00e8re saison sous contrat avec le LOSC. Apr\u00e8s une premi\u00e8re saison mitig\u00e9e et altern\u00e9e par des titularisations et passages sur le banc (31 matches disput\u00e9s dont 25 comme titulaire), l\u2019ancien R\u00e9mois esp\u00e8re cette fois s\u2019imposer durablement dans le onze de d\u00e9part. Le contexte reste toutefois concurrentiel. Le d\u00e9part de Bafod\u00e9 Diakit\u00e9 pousse Lille \u00e0 recruter un nouveau d\u00e9fenseur central malgr\u00e9 l\u2019arriv\u00e9e de Nathan Ngoy en provenance du Standard de Li\u00e8ge. Une situation qui oblige l\u2019international alg\u00e9rien \u00e0 rester vigilant et \u00e0 justifier la confiance accord\u00e9e par son entra\u00eeneur. Polyvalent et exp\u00e9riment\u00e9, Mandi a souvent \u00e9t\u00e9 utilis\u00e9 dans diff\u00e9rents registres, un atout qui a contribu\u00e9 \u00e0 maintenir sa place dans la rotation lilloise. Cette saison, il ambitionne davantage de stabilit\u00e9 afin de conserver son r\u00f4le en s\u00e9lection nationale, engag\u00e9e prochainement dans des objectifs importants comme la CAN et les \u00e9liminatoires du Mondial-2026.<\/p>\n<p style=\"text-align: right\"><strong>Djamel ABED<\/strong><\/p>\n","protected":false},"excerpt":{"rendered":"<p>Bonne nouvelle pour Lille et pour la s\u00e9lection alg\u00e9rienne. A\u00efssa Mandi a retrouv\u00e9 le groupe nordiste cette semaine. Le d\u00e9fenseur axial, touch\u00e9 lors d\u2019un match de pr\u00e9paration et absent de la premi\u00e8re journ\u00e9e de Ligue 1 face \u00e0 Brest, s\u2019est remis de sa blessure et figure dans les plans de Bruno Genesio pour le d\u00e9placement &hellip;<\/p>\n","protected":false},"author":3,"featured_media":118727,"comment_status":"closed","ping_status":"closed","sticky":false,"template":"","format":"standard","meta":{"footnotes":""},"categories":[128],"tags":[],"class_list":["post-118667","post","type-post","status-publish","format-standard","has-post-thumbnail","hentry","category-football-etranger"],"_links":{"self":[{"href":"https:\/\/planetesport.dz\/index.php?rest_route=\/wp\/v2\/posts\/118667","targetHints":{"allow":["GET"]}}],"collection":[{"href":"https:\/\/planetesport.dz\/index.php?rest_route=\/wp\/v2\/posts"}],"about":[{"href":"https:\/\/planetesport.dz\/index.php?rest_route=\/wp\/v2\/types\/post"}],"author":[{"embeddable":true,"href":"https:\/\/planetesport.dz\/index.php?rest_route=\/wp\/v2\/users\/3"}],"replies":[{"embeddable":true,"href":"https:\/\/planetesport.dz\/index.php?rest_route=%2Fwp%2Fv2%2Fcomments&post=118667"}],"version-history":[{"count":1,"href":"https:\/\/planetesport.dz\/index.php?rest_route=\/wp\/v2\/posts\/118667\/revisions"}],"predecessor-version":[{"id":118804,"href":"https:\/\/planetesport.dz\/index.php?rest_route=\/wp\/v2\/posts\/118667\/revisions\/118804"}],"wp:featuredmedia":[{"embeddable":true,"href":"https:\/\/planetesport.dz\/index.php?rest_route=\/wp\/v2\/media\/118727"}],"wp:attachment":[{"href":"https:\/\/planetesport.dz\/index.php?rest_route=%2Fwp%2Fv2%2Fmedia&parent=118667"}],"wp:term":[{"taxonomy":"category","embeddable":true,"href":"https:\/\/planetesport.dz\/index.php?rest_route=%2Fwp%2Fv2%2Fcategories&post=118667"},{"taxonomy":"post_tag","embeddable":true,"href":"https:\/\/planetesport.dz\/index.php?rest_route=%2Fwp%2Fv2%2Ftags&post=118667"}],"curies":[{"name":"wp","href":"https:\/\/api.w.org\/{rel}","templated":true}]}}