{"id":117982,"date":"2025-08-17T23:13:53","date_gmt":"2025-08-17T23:13:53","guid":{"rendered":"https:\/\/planetesport.dz\/?p=117982"},"modified":"2025-08-17T23:13:53","modified_gmt":"2025-08-17T23:13:53","slug":"les-selections-nationales-en-stage-en-hongrie","status":"publish","type":"post","link":"https:\/\/planetesport.dz\/?p=117982","title":{"rendered":"Les s\u00e9lections nationales en stage en Hongrie"},"content":{"rendered":"<p>Les s\u00e9lections nationales masculine et f\u00e9minine de beach-volley ont pris, hier, la direction de la Hongrie pour prendre part \u00e0 un stage de pr\u00e9paration, du 16 au 23 ao\u00fbt 2025, en vue de leur participation au Championnat arabe pr\u00e9vu au Liban. Pour rappel, l\u2019\u00e9quipe alg\u00e9rienne f\u00e9minine de beach-volley avait remport\u00e9 la m\u00e9daille d\u2019or lors des Jeux scolaires africains derniers, apr\u00e8s avoir battu l\u2019\u00e9quipe gambienne (2-0).<\/p>\n<p style=\"text-align: right\">\n<strong>N. E.<\/strong><\/p>\n","protected":false},"excerpt":{"rendered":"<p>Les s\u00e9lections nationales masculine et f\u00e9minine de beach-volley ont pris, hier, la direction de la Hongrie pour prendre part \u00e0 un stage de pr\u00e9paration, du 16 au 23 ao\u00fbt 2025, en vue de leur participation au Championnat arabe pr\u00e9vu au Liban. Pour rappel, l\u2019\u00e9quipe alg\u00e9rienne f\u00e9minine de beach-volley avait remport\u00e9 la m\u00e9daille d\u2019or lors des &hellip;<\/p>\n","protected":false},"author":3,"featured_media":117992,"comment_status":"closed","ping_status":"closed","sticky":false,"template":"","format":"standard","meta":{"footnotes":""},"categories":[129,161],"tags":[],"class_list":["post-117982","post","type-post","status-publish","format-standard","has-post-thumbnail","hentry","category-omnisport","category-volley"],"_links":{"self":[{"href":"https:\/\/planetesport.dz\/index.php?rest_route=\/wp\/v2\/posts\/117982","targetHints":{"allow":["GET"]}}],"collection":[{"href":"https:\/\/planetesport.dz\/index.php?rest_route=\/wp\/v2\/posts"}],"about":[{"href":"https:\/\/planetesport.dz\/index.php?rest_route=\/wp\/v2\/types\/post"}],"author":[{"embeddable":true,"href":"https:\/\/planetesport.dz\/index.php?rest_route=\/wp\/v2\/users\/3"}],"replies":[{"embeddable":true,"href":"https:\/\/planetesport.dz\/index.php?rest_route=%2Fwp%2Fv2%2Fcomments&post=117982"}],"version-history":[{"count":1,"href":"https:\/\/planetesport.dz\/index.php?rest_route=\/wp\/v2\/posts\/117982\/revisions"}],"predecessor-version":[{"id":118029,"href":"https:\/\/planetesport.dz\/index.php?rest_route=\/wp\/v2\/posts\/117982\/revisions\/118029"}],"wp:featuredmedia":[{"embeddable":true,"href":"https:\/\/planetesport.dz\/index.php?rest_route=\/wp\/v2\/media\/117992"}],"wp:attachment":[{"href":"https:\/\/planetesport.dz\/index.php?rest_route=%2Fwp%2Fv2%2Fmedia&parent=117982"}],"wp:term":[{"taxonomy":"category","embeddable":true,"href":"https:\/\/planetesport.dz\/index.php?rest_route=%2Fwp%2Fv2%2Fcategories&post=117982"},{"taxonomy":"post_tag","embeddable":true,"href":"https:\/\/planetesport.dz\/index.php?rest_route=%2Fwp%2Fv2%2Ftags&post=117982"}],"curies":[{"name":"wp","href":"https:\/\/api.w.org\/{rel}","templated":true}]}}