{"id":116724,"date":"2025-08-08T23:22:18","date_gmt":"2025-08-08T23:22:18","guid":{"rendered":"https:\/\/planetesport.dz\/?p=116724"},"modified":"2025-08-08T23:22:18","modified_gmt":"2025-08-08T23:22:18","slug":"le-chabab-ce-soir-a-alger","status":"publish","type":"post","link":"https:\/\/planetesport.dz\/?p=116724","title":{"rendered":"Le Chabab ce soir \u00e0 Alger"},"content":{"rendered":"<p><strong>La formation de La\u00e2qiba a cl\u00f4tur\u00e9 ce matin son stage de pr\u00e9paration \u00e0 Tabarka. D\u2019ailleurs, les Rouge et Blanc sont pleinement satisfaits de cette p\u00e9riode de pr\u00e9paration, qui a permis au groupe de progresser \u00e0 deux semaines du coup d\u2019envoi de la nouvelle saison.<\/strong><\/p>\n<p>Comme chacun le sait, les Rouge et Blanc ont rejoint la ville de Tabarka, en Tunisie, le 23 juillet dernier pour entamer leur stage de pr\u00e9paration estivale. Le premier responsable de la barre technique alg\u00e9roise avait d\u2019ailleurs d\u00e9j\u00e0 \u00e9tabli son plan d\u2019action en mati\u00e8re de pr\u00e9paration avec un programme complet, afin de permettre \u00e0 ses joueurs de travailler dans les meilleures conditions possibles. Dans ce cadre, les joueurs ont subi une tr\u00e8s forte charge de travail, avec un rythme soutenu de deux s\u00e9ances par jour durant une dizaine de jours.<br \/>\nL\u2019\u00e9quipe a \u00e9galement disput\u00e9 deux rencontres amicales, respectivement face \u00e0 la formation d\u2019Al Khor du Qatar ainsi qu\u2019au CSC. Ces deux rencontres ont permis au staff technique de constater les progr\u00e8s et d\u2019identifier le travail restant \u00e0 accomplir. C\u2019est donc ce matin que le stage de pr\u00e9paration a officiellement pris fin pour les Rouge et Blanc, avec une derni\u00e8re s\u00e9ance d\u2019entra\u00eenement avant leur retour \u00e0 Alger ce soir.<\/p>\n<p><strong>Le coach pleinement satisfait<\/strong><br \/>\nIl faut reconna\u00eetre que durant ces 17 jours pass\u00e9s en Tunisie, les Rouge et Blanc ont pu travailler dans des conditions optimales, ce qui leur a permis de progresser tant sur le plan physique que technique. Le premier responsable de la barre technique alg\u00e9roise, Saed Ramovic, n\u2019a d\u2019ailleurs pas cach\u00e9 sa satisfaction quant au d\u00e9roulement du stage, et au fait que son \u00e9quipe ait pu respecter son programme de pr\u00e9paration comme pr\u00e9vu. D\u00e9sormais, les joueurs b\u00e9n\u00e9ficieront de deux jours de repos avant de reprendre les entra\u00eenements et de poursuivre la pr\u00e9paration en vue du d\u00e9but de saison.<\/p>\n<p><strong>En attendant le stage d\u2019Oran<\/strong><br \/>\nLes dirigeants du Chabab, en concertation avec l\u2019entra\u00eeneur en chef Saed Ramovic, pr\u00e9parent un second stage de pr\u00e9paration qui se d\u00e9roulera sur le sol national et qui sera pr\u00e9comp\u00e9titif, marquant ainsi la derni\u00e8re ligne droite avant la reprise officielle de la saison sportive. Ce second stage aura lieu du c\u00f4t\u00e9 d\u2019Oran. Afin que tout se d\u00e9roule dans les meilleures conditions possibles \u00e0 Oran, les Belouizdadis pourront pr\u00e9parer leur saison convenablement et surtout travailler sur une pelouse en gazon naturel. Deux matchs amicaux sont \u00e9galement programm\u00e9s durant ce second stage pour s\u2019assurer que la pr\u00e9paration avance dans la bonne direction et que l\u2019\u00e9quipe soit pr\u00eate pour la reprise.<\/p>\n<p><strong>Le stage tributaire du programme de la 1re journ\u00e9e de Ligue 1<\/strong><br \/>\nCependant, m\u00eame si l\u2019option d\u2019Oran est confirm\u00e9e, rien n\u2019est encore officiel car le Chabab attend toujours des nouvelles des instances, notamment de la LFP. Pour l\u2019instant, le CRB ne conna\u00eet pas encore le maintien de son match face au MCA, et les Belouizdadis attendent la r\u00e9ponse d\u00e9finitive de la LFP ainsi qu\u2019une notification officielle pour pouvoir tout organiser.<\/p>\n<p style=\"text-align: right\">\n<strong>Akram B.<\/strong><\/p>\n","protected":false},"excerpt":{"rendered":"<p>La formation de La\u00e2qiba a cl\u00f4tur\u00e9 ce matin son stage de pr\u00e9paration \u00e0 Tabarka. D\u2019ailleurs, les Rouge et Blanc sont pleinement satisfaits de cette p\u00e9riode de pr\u00e9paration, qui a permis au groupe de progresser \u00e0 deux semaines du coup d\u2019envoi de la nouvelle saison. Comme chacun le sait, les Rouge et Blanc ont rejoint la &hellip;<\/p>\n","protected":false},"author":3,"featured_media":114970,"comment_status":"closed","ping_status":"closed","sticky":false,"template":"","format":"standard","meta":{"footnotes":""},"categories":[127],"tags":[],"class_list":["post-116724","post","type-post","status-publish","format-standard","has-post-thumbnail","hentry","category-football-algerien"],"_links":{"self":[{"href":"https:\/\/planetesport.dz\/index.php?rest_route=\/wp\/v2\/posts\/116724","targetHints":{"allow":["GET"]}}],"collection":[{"href":"https:\/\/planetesport.dz\/index.php?rest_route=\/wp\/v2\/posts"}],"about":[{"href":"https:\/\/planetesport.dz\/index.php?rest_route=\/wp\/v2\/types\/post"}],"author":[{"embeddable":true,"href":"https:\/\/planetesport.dz\/index.php?rest_route=\/wp\/v2\/users\/3"}],"replies":[{"embeddable":true,"href":"https:\/\/planetesport.dz\/index.php?rest_route=%2Fwp%2Fv2%2Fcomments&post=116724"}],"version-history":[{"count":1,"href":"https:\/\/planetesport.dz\/index.php?rest_route=\/wp\/v2\/posts\/116724\/revisions"}],"predecessor-version":[{"id":116813,"href":"https:\/\/planetesport.dz\/index.php?rest_route=\/wp\/v2\/posts\/116724\/revisions\/116813"}],"wp:featuredmedia":[{"embeddable":true,"href":"https:\/\/planetesport.dz\/index.php?rest_route=\/wp\/v2\/media\/114970"}],"wp:attachment":[{"href":"https:\/\/planetesport.dz\/index.php?rest_route=%2Fwp%2Fv2%2Fmedia&parent=116724"}],"wp:term":[{"taxonomy":"category","embeddable":true,"href":"https:\/\/planetesport.dz\/index.php?rest_route=%2Fwp%2Fv2%2Fcategories&post=116724"},{"taxonomy":"post_tag","embeddable":true,"href":"https:\/\/planetesport.dz\/index.php?rest_route=%2Fwp%2Fv2%2Ftags&post=116724"}],"curies":[{"name":"wp","href":"https:\/\/api.w.org\/{rel}","templated":true}]}}