{"id":115521,"date":"2025-07-29T23:11:59","date_gmt":"2025-07-29T23:11:59","guid":{"rendered":"https:\/\/planetesport.dz\/?p=115521"},"modified":"2025-07-29T23:11:59","modified_gmt":"2025-07-29T23:11:59","slug":"badreddine-bouanani-fixe-ses-ambitions-pour-la-saison-a-venir","status":"publish","type":"post","link":"https:\/\/planetesport.dz\/?p=115521","title":{"rendered":"Badreddine Bouanani fixe ses ambitions pour la saison \u00e0 venir"},"content":{"rendered":"<p>Le jeune international alg\u00e9rien, Badreddine Bouanani, s\u2019est exprim\u00e9 avec franchise sur ses objectifs pour l\u2019exercice 2025, aussi bien avec son club de l\u2019OGC Nice qu\u2019avec l\u2019\u00e9quipe nationale. Dans un entretien accord\u00e9 au site officiel du club azur\u00e9en, l\u2019ailier de 19 ans a d\u00e9voil\u00e9 ses aspirations :<br \/>\n\u00ab Pour moi, une saison r\u00e9ussie serait d\u2019abord d\u2019obtenir une place de titulaire \u00e0 Nice, et de contribuer \u00e0 qualifier l\u2019\u00e9quipe pour la Ligue des champions \u00bb, a-t-il d\u00e9clar\u00e9. Sur le plan personnel, Bouanani esp\u00e8re am\u00e9liorer ses statistiques individuelles par rapport \u00e0 la saison \u00e9coul\u00e9e, marqu\u00e9e par des hauts et des bas.<br \/>\nConcernant l\u2019\u00e9quipe nationale, l\u2019ancien joueur de Lille nourrit de grandes ambitions. Bless\u00e9 lors de la derni\u00e8re \u00e9dition de la CAN, il avait d\u00fb d\u00e9clarer forfait au dernier moment. Un \u00e9pisode qu\u2019il n\u2019a pas encore dig\u00e9r\u00e9 : \u00ab J\u2019ai manqu\u00e9 la derni\u00e8re Coupe d\u2019Afrique \u00e0 cause d\u2019une blessure, c\u2019\u00e9tait un moment tr\u00e8s difficile pour moi. Cette fois, je ferai tout pour gagner la confiance du s\u00e9lectionneur et figurer dans la liste pour la prochaine \u00e9dition \u00bb, a-t-il confi\u00e9. Avec une motivation intacte et une saison charni\u00e8re en perspective, Bouanani entend franchir un cap et s\u2019imposer d\u00e9finitivement, aussi bien \u00e0 Nice qu\u2019avec les Verts.<\/p>\n<p style=\"text-align: right\"><strong>Djamel ABED<\/strong><\/p>\n","protected":false},"excerpt":{"rendered":"<p>Le jeune international alg\u00e9rien, Badreddine Bouanani, s\u2019est exprim\u00e9 avec franchise sur ses objectifs pour l\u2019exercice 2025, aussi bien avec son club de l\u2019OGC Nice qu\u2019avec l\u2019\u00e9quipe nationale. Dans un entretien accord\u00e9 au site officiel du club azur\u00e9en, l\u2019ailier de 19 ans a d\u00e9voil\u00e9 ses aspirations : \u00ab Pour moi, une saison r\u00e9ussie serait d\u2019abord d\u2019obtenir &hellip;<\/p>\n","protected":false},"author":3,"featured_media":115594,"comment_status":"closed","ping_status":"closed","sticky":false,"template":"","format":"standard","meta":{"footnotes":""},"categories":[128],"tags":[],"class_list":["post-115521","post","type-post","status-publish","format-standard","has-post-thumbnail","hentry","category-football-etranger"],"_links":{"self":[{"href":"https:\/\/planetesport.dz\/index.php?rest_route=\/wp\/v2\/posts\/115521","targetHints":{"allow":["GET"]}}],"collection":[{"href":"https:\/\/planetesport.dz\/index.php?rest_route=\/wp\/v2\/posts"}],"about":[{"href":"https:\/\/planetesport.dz\/index.php?rest_route=\/wp\/v2\/types\/post"}],"author":[{"embeddable":true,"href":"https:\/\/planetesport.dz\/index.php?rest_route=\/wp\/v2\/users\/3"}],"replies":[{"embeddable":true,"href":"https:\/\/planetesport.dz\/index.php?rest_route=%2Fwp%2Fv2%2Fcomments&post=115521"}],"version-history":[{"count":1,"href":"https:\/\/planetesport.dz\/index.php?rest_route=\/wp\/v2\/posts\/115521\/revisions"}],"predecessor-version":[{"id":115631,"href":"https:\/\/planetesport.dz\/index.php?rest_route=\/wp\/v2\/posts\/115521\/revisions\/115631"}],"wp:featuredmedia":[{"embeddable":true,"href":"https:\/\/planetesport.dz\/index.php?rest_route=\/wp\/v2\/media\/115594"}],"wp:attachment":[{"href":"https:\/\/planetesport.dz\/index.php?rest_route=%2Fwp%2Fv2%2Fmedia&parent=115521"}],"wp:term":[{"taxonomy":"category","embeddable":true,"href":"https:\/\/planetesport.dz\/index.php?rest_route=%2Fwp%2Fv2%2Fcategories&post=115521"},{"taxonomy":"post_tag","embeddable":true,"href":"https:\/\/planetesport.dz\/index.php?rest_route=%2Fwp%2Fv2%2Ftags&post=115521"}],"curies":[{"name":"wp","href":"https:\/\/api.w.org\/{rel}","templated":true}]}}