{"id":10909,"date":"2023-02-19T21:08:46","date_gmt":"2023-02-19T21:08:46","guid":{"rendered":"https:\/\/planetesport.dz\/web\/?p=10909"},"modified":"2023-02-19T21:08:46","modified_gmt":"2023-02-19T21:08:46","slug":"mercato-le-real-madrid-vise-2-nouveaux-noms-surprenants","status":"publish","type":"post","link":"https:\/\/planetesport.dz\/?p=10909","title":{"rendered":"Mercato &#8211; Le Real Madrid vise 2 nouveaux noms surprenants"},"content":{"rendered":"<p class=\"western\"><span style=\"font-family: Times-Roman, serif\"><span style=\"font-size: large\">Les Madril\u00e8nes s\u2019int\u00e9ressent \u00e0 deux nouveaux joueurs en vue du mercato estival prochain. <\/span><\/span><span style=\"font-family: Times-Roman, serif\"><span style=\"font-size: medium\">Les grands rendez-vous de cette saison viennent de d\u00e9marrer, et pour beaucoup de gros clubs europ\u00e9ens, c\u2019est m\u00eame maintenant que tout se joue. C\u2019est particuli\u00e8rement le cas du <\/span><\/span><a href=\"https:\/\/www.footmercato.net\/club\/real-madrid\/\"><span style=\"color: #0010ee\"><span style=\"font-family: Times-Roman, serif\"><span style=\"font-size: medium\"><u>Real Madrid<\/u><\/span><\/span><\/span><\/a><span style=\"font-family: Times-Roman, serif\"><span style=\"font-size: medium\">, pour qui la <\/span><\/span><a href=\"https:\/\/www.footmercato.net\/espagne\/liga\/\"><span style=\"color: #0010ee\"><span style=\"font-family: Times-Roman, serif\"><span style=\"font-size: medium\"><u>Liga<\/u><\/span><\/span><\/span><\/a><span style=\"font-family: Times-Roman, serif\"><span style=\"font-size: medium\"> semble d\u00e9sormais bien compliqu\u00e9e, avec ce bel avantage pour le FC Barcelone, qui compte cinq points d\u2019avance avec un match \u00e0 jouer encore face \u00e0 Cadiz, \u00e9quipe qui lutte pour le maintien. Alors que ce duel face \u00e0 Liverpool approche \u00e0 grands pas, les Madril\u00e8nes ont d\u00e9j\u00e0 lanc\u00e9 les travaux pour renforcer l\u2019\u00e9quipe en vue du prochain mercato. Les d\u00e9cideurs merengues ont identifi\u00e9 plusieurs points faibles dans l\u2019\u00e9quipe, comme les postes de lat\u00e9raux et la pointe de l\u2019attaque, o\u00f9 Karim Benzema manque d\u2019un rempla\u00e7ant de garanties. <\/span><\/span><a href=\"https:\/\/www.footmercato.net\/a2505467861540256224-le-real-madrid-tient-deja-sa-premiere-recrue-pour-la-saison-prochaine\"><span style=\"color: #0010ee\"><span style=\"font-family: Times-Roman, serif\"><span style=\"font-size: medium\"><u>Si Brahim Diaz devrait revenir de sa pige milanaise<\/u><\/span><\/span><\/span><\/a><span style=\"font-family: Times-Roman, serif\"><span style=\"font-size: medium\"> pour rester et avoir un r\u00f4le plus ou moins important, voici que le Real Madrid pense \u00e0 deux autres joueurs pour renforcer son effectif en vue de la saison 2023\/2024.Selon les informations du quotidien <\/span><\/span><span style=\"font-family: Times-Roman, serif\"><span style=\"font-size: medium\"><i>AS<\/i><\/span><\/span><span style=\"font-family: Times-Roman, serif\"><span style=\"font-size: medium\">, le champion d\u2019Europe en titre esp\u00e8re recruter <\/span><\/span><a href=\"https:\/\/www.footmercato.net\/joueur\/diogo-dalot\/\"><span style=\"color: #0010ee\"><span style=\"font-family: Times-Roman, serif\"><span style=\"font-size: medium\"><u>Diogo Dalot<\/u><\/span><\/span><\/span><\/a><span style=\"font-family: Times-Roman, serif\"><span style=\"font-size: medium\">. Le lat\u00e9ral droit portugais de 23 ans arrive en fin de contrat \u00e0 Manchester United en 2024, et les Red Devils doivent rapidement agir s\u2019il ne prolonge pas. Le m\u00e9dia espagnol indique que le Real Madrid est tr\u00e8s int\u00e9ress\u00e9, et qu\u2019il repr\u00e9sente un candidat plus qu\u2019int\u00e9ressant pour prendre la rel\u00e8ve de Dani Carvajal sur le flanc droit de la d\u00e9fense merengue.<\/span><\/span><\/p>\n<p class=\"western\"><span style=\"font-family: Times-Roman, serif\"><span style=\"font-size: medium\">De son c\u00f4t\u00e9, <\/span><\/span><a href=\"https:\/\/www.planetarealmadrid.com\/fichajes-y-precios\/real-madrid-tiene-tiro-estrella-por-solo-12-millones-florentino-se-piensa_13505_102.html\"><span style=\"color: #0010ee\"><span style=\"font-family: Times-Roman, serif\"><span style=\"font-size: medium\"><i><u>Defensa Central<\/u><\/i><\/span><\/span><\/span><\/a><span style=\"font-family: Times-Roman, serif\"><span style=\"font-size: medium\"> \u00e9voque le nom de\u2026 <\/span><\/span><a href=\"https:\/\/www.footmercato.net\/joueur\/paulo-dybala\/\"><span style=\"color: #0010ee\"><span style=\"font-family: Times-Roman, serif\"><span style=\"font-size: medium\"><u>Paulo Dybala<\/u><\/span><\/span><\/span><\/a><span style=\"font-family: Times-Roman, serif\"><span style=\"font-size: medium\">. Notamment parce qu\u2019il aurait une clause lib\u00e9ratoire de 12 millions d\u2019euros pour des clubs hors-Italie. Un montant largement abordable pour le Real Madrid, qui a besoin d\u2019un nouvel attaquant assez polyvalent pour \u00e9pauler Benzema. Florentino P\u00e9rez pourrait s\u00e9rieusement passer \u00e0 l\u2019attaque\u2026<\/span><\/span><\/p>\n","protected":false},"excerpt":{"rendered":"<p>Les Madril\u00e8nes s\u2019int\u00e9ressent \u00e0 deux nouveaux joueurs en vue du mercato estival prochain. Les grands rendez-vous de cette saison viennent de d\u00e9marrer, et pour beaucoup de gros clubs europ\u00e9ens, c\u2019est m\u00eame maintenant que tout se joue. C\u2019est particuli\u00e8rement le cas du Real Madrid, pour qui la Liga semble d\u00e9sormais bien compliqu\u00e9e, avec ce bel avantage &hellip;<\/p>\n","protected":false},"author":3,"featured_media":10958,"comment_status":"open","ping_status":"open","sticky":false,"template":"","format":"standard","meta":{"footnotes":""},"categories":[128],"tags":[],"class_list":["post-10909","post","type-post","status-publish","format-standard","has-post-thumbnail","hentry","category-football-etranger"],"_links":{"self":[{"href":"https:\/\/planetesport.dz\/index.php?rest_route=\/wp\/v2\/posts\/10909","targetHints":{"allow":["GET"]}}],"collection":[{"href":"https:\/\/planetesport.dz\/index.php?rest_route=\/wp\/v2\/posts"}],"about":[{"href":"https:\/\/planetesport.dz\/index.php?rest_route=\/wp\/v2\/types\/post"}],"author":[{"embeddable":true,"href":"https:\/\/planetesport.dz\/index.php?rest_route=\/wp\/v2\/users\/3"}],"replies":[{"embeddable":true,"href":"https:\/\/planetesport.dz\/index.php?rest_route=%2Fwp%2Fv2%2Fcomments&post=10909"}],"version-history":[{"count":2,"href":"https:\/\/planetesport.dz\/index.php?rest_route=\/wp\/v2\/posts\/10909\/revisions"}],"predecessor-version":[{"id":10960,"href":"https:\/\/planetesport.dz\/index.php?rest_route=\/wp\/v2\/posts\/10909\/revisions\/10960"}],"wp:featuredmedia":[{"embeddable":true,"href":"https:\/\/planetesport.dz\/index.php?rest_route=\/wp\/v2\/media\/10958"}],"wp:attachment":[{"href":"https:\/\/planetesport.dz\/index.php?rest_route=%2Fwp%2Fv2%2Fmedia&parent=10909"}],"wp:term":[{"taxonomy":"category","embeddable":true,"href":"https:\/\/planetesport.dz\/index.php?rest_route=%2Fwp%2Fv2%2Fcategories&post=10909"},{"taxonomy":"post_tag","embeddable":true,"href":"https:\/\/planetesport.dz\/index.php?rest_route=%2Fwp%2Fv2%2Ftags&post=10909"}],"curies":[{"name":"wp","href":"https:\/\/api.w.org\/{rel}","templated":true}]}}