{"id":106866,"date":"2025-05-25T23:57:10","date_gmt":"2025-05-25T23:57:10","guid":{"rendered":"https:\/\/planetesport.dz\/?p=106866"},"modified":"2025-05-25T23:57:10","modified_gmt":"2025-05-25T23:57:10","slug":"apres-six-ans-dattente-yacine-brahimi-decroche-enfin-son-premier-titre-au-qatar","status":"publish","type":"post","link":"https:\/\/planetesport.dz\/?p=106866","title":{"rendered":"Apr\u00e8s six ans d\u2019attente, Yacine Brahimi d\u00e9croche enfin son premier titre au Qatar !"},"content":{"rendered":"<p>L\u2019international alg\u00e9rien, Yacine Brahimi, a mis fin \u00e0 une longue disette de titres au Qatar en menant Al-Gharafa \u00e0 la conqu\u00eate de la prestigieuse Coupe de l\u2019\u00c9mir. Les \u00ab Panth\u00e8res \u00bb se sont impos\u00e9es avec m\u00e9rite en finale face \u00e0 Al-Rayyan (2-1), ancien club de Brahimi, dans une rencontre o\u00f9 le milieu offensif alg\u00e9rien a disput\u00e9 l\u2019int\u00e9gralit\u00e9 du match. Ce troph\u00e9e marque le premier titre de Brahimi au Qatar depuis son arriv\u00e9e dans le championnat en juillet 2019, lorsqu\u2019il avait rejoint Al-Rayyan apr\u00e8s son passage en Europe, notamment \u00e0 Porto. Malgr\u00e9 trois saisons sans distinction avec ce club, c\u2019est avec Al-Gharafa, qu\u2019il a rejoint en 2022, qu\u2019il parvient enfin \u00e0 go\u00fbter au sacre. Lors de cette saison 2024-2025, Brahimi s\u2019est impos\u00e9 comme l\u2019un des \u00e9l\u00e9ments importants de son \u00e9quipe. Il a pris part \u00e0 27 rencontres toutes comp\u00e9titions confondues, inscrivant 9 buts et d\u00e9livrant 11 passes d\u00e9cisives.<\/p>\n<p style=\"text-align: right\">\n<strong>Djamel ABED<\/strong><\/p>\n","protected":false},"excerpt":{"rendered":"<p>L\u2019international alg\u00e9rien, Yacine Brahimi, a mis fin \u00e0 une longue disette de titres au Qatar en menant Al-Gharafa \u00e0 la conqu\u00eate de la prestigieuse Coupe de l\u2019\u00c9mir. Les \u00ab Panth\u00e8res \u00bb se sont impos\u00e9es avec m\u00e9rite en finale face \u00e0 Al-Rayyan (2-1), ancien club de Brahimi, dans une rencontre o\u00f9 le milieu offensif alg\u00e9rien a &hellip;<\/p>\n","protected":false},"author":3,"featured_media":106931,"comment_status":"closed","ping_status":"closed","sticky":false,"template":"","format":"standard","meta":{"footnotes":""},"categories":[128],"tags":[],"class_list":["post-106866","post","type-post","status-publish","format-standard","has-post-thumbnail","hentry","category-football-etranger"],"_links":{"self":[{"href":"https:\/\/planetesport.dz\/index.php?rest_route=\/wp\/v2\/posts\/106866","targetHints":{"allow":["GET"]}}],"collection":[{"href":"https:\/\/planetesport.dz\/index.php?rest_route=\/wp\/v2\/posts"}],"about":[{"href":"https:\/\/planetesport.dz\/index.php?rest_route=\/wp\/v2\/types\/post"}],"author":[{"embeddable":true,"href":"https:\/\/planetesport.dz\/index.php?rest_route=\/wp\/v2\/users\/3"}],"replies":[{"embeddable":true,"href":"https:\/\/planetesport.dz\/index.php?rest_route=%2Fwp%2Fv2%2Fcomments&post=106866"}],"version-history":[{"count":1,"href":"https:\/\/planetesport.dz\/index.php?rest_route=\/wp\/v2\/posts\/106866\/revisions"}],"predecessor-version":[{"id":106978,"href":"https:\/\/planetesport.dz\/index.php?rest_route=\/wp\/v2\/posts\/106866\/revisions\/106978"}],"wp:featuredmedia":[{"embeddable":true,"href":"https:\/\/planetesport.dz\/index.php?rest_route=\/wp\/v2\/media\/106931"}],"wp:attachment":[{"href":"https:\/\/planetesport.dz\/index.php?rest_route=%2Fwp%2Fv2%2Fmedia&parent=106866"}],"wp:term":[{"taxonomy":"category","embeddable":true,"href":"https:\/\/planetesport.dz\/index.php?rest_route=%2Fwp%2Fv2%2Fcategories&post=106866"},{"taxonomy":"post_tag","embeddable":true,"href":"https:\/\/planetesport.dz\/index.php?rest_route=%2Fwp%2Fv2%2Ftags&post=106866"}],"curies":[{"name":"wp","href":"https:\/\/api.w.org\/{rel}","templated":true}]}}