{"id":104997,"date":"2025-05-11T23:57:11","date_gmt":"2025-05-11T23:57:11","guid":{"rendered":"https:\/\/planetesport.dz\/?p=104997"},"modified":"2025-05-11T23:57:11","modified_gmt":"2025-05-11T23:57:11","slug":"liverpool-salah-reconnait-les-tensions-avec-mane","status":"publish","type":"post","link":"https:\/\/planetesport.dz\/?p=104997","title":{"rendered":"Liverpool : Salah reconna\u00eet les tensions avec Man\u00e9\u00a0"},"content":{"rendered":"<p>Anciens co\u00e9quipiers durant cinq saisons \u00e0 Liverpool, Mohamed Salah (32 ans, 35 matchs et 28 buts en Premier League cette saison) et Sadio Man\u00e9 n&rsquo;ont pas entretenu les relations les plus chaleureuses du monde. Trois ans apr\u00e8s le d\u00e9part du S\u00e9n\u00e9galais, l&rsquo;Egyptien a reconnu cette petite guerre d&rsquo;egos avec son ex-coll\u00e8gue. \u00ab Oui, il y avait de la tension avec Sadio. Attention, on a \u00e9t\u00e9 professionnels jusqu&rsquo;au bout, je ne pense pas que cela a affect\u00e9 l&rsquo;\u00e9quipe. C&rsquo;est humain de vouloir davantage, je le comprends, c&rsquo;est un comp\u00e9titeur. Hors des terrains, nous n&rsquo;\u00e9tions pas tr\u00e8s proches mais on s&rsquo;est toujours respect\u00e9s \u00bb, a d\u00e9voil\u00e9 la l\u00e9gende des Reds dans les colonnes du magazine France Football. Le c\u0153ur du probl\u00e8me ? \u00ab Par exemple, Bobby (Roberto Firmino, ndlr) a \u00e9t\u00e9 tellement important pour tous nous connecter, si intelligent dans ses mouvements avec ou sans ballon, tellement juste techniquement et vraiment altruiste. Il nous a tous rendus meilleurs. Moi, j&rsquo;ai marqu\u00e9 \u00e9norm\u00e9ment et ensuite, Sadio s&rsquo;est dit qu&rsquo;\u00e0 son tour il pouvait lui aussi marquer davantage \u00bb, a argument\u00e9 Salah. Une petite bataille interne pour savoir lequel des deux endosserait le r\u00f4le de leader offensif&#8230;<\/p>\n","protected":false},"excerpt":{"rendered":"<p>Anciens co\u00e9quipiers durant cinq saisons \u00e0 Liverpool, Mohamed Salah (32 ans, 35 matchs et 28 buts en Premier League cette saison) et Sadio Man\u00e9 n&rsquo;ont pas entretenu les relations les plus chaleureuses du monde. Trois ans apr\u00e8s le d\u00e9part du S\u00e9n\u00e9galais, l&rsquo;Egyptien a reconnu cette petite guerre d&rsquo;egos avec son ex-coll\u00e8gue. \u00ab Oui, il y &hellip;<\/p>\n","protected":false},"author":3,"featured_media":105043,"comment_status":"closed","ping_status":"closed","sticky":false,"template":"","format":"standard","meta":{"footnotes":""},"categories":[128],"tags":[],"class_list":["post-104997","post","type-post","status-publish","format-standard","has-post-thumbnail","hentry","category-football-etranger"],"_links":{"self":[{"href":"https:\/\/planetesport.dz\/index.php?rest_route=\/wp\/v2\/posts\/104997","targetHints":{"allow":["GET"]}}],"collection":[{"href":"https:\/\/planetesport.dz\/index.php?rest_route=\/wp\/v2\/posts"}],"about":[{"href":"https:\/\/planetesport.dz\/index.php?rest_route=\/wp\/v2\/types\/post"}],"author":[{"embeddable":true,"href":"https:\/\/planetesport.dz\/index.php?rest_route=\/wp\/v2\/users\/3"}],"replies":[{"embeddable":true,"href":"https:\/\/planetesport.dz\/index.php?rest_route=%2Fwp%2Fv2%2Fcomments&post=104997"}],"version-history":[{"count":1,"href":"https:\/\/planetesport.dz\/index.php?rest_route=\/wp\/v2\/posts\/104997\/revisions"}],"predecessor-version":[{"id":105079,"href":"https:\/\/planetesport.dz\/index.php?rest_route=\/wp\/v2\/posts\/104997\/revisions\/105079"}],"wp:featuredmedia":[{"embeddable":true,"href":"https:\/\/planetesport.dz\/index.php?rest_route=\/wp\/v2\/media\/105043"}],"wp:attachment":[{"href":"https:\/\/planetesport.dz\/index.php?rest_route=%2Fwp%2Fv2%2Fmedia&parent=104997"}],"wp:term":[{"taxonomy":"category","embeddable":true,"href":"https:\/\/planetesport.dz\/index.php?rest_route=%2Fwp%2Fv2%2Fcategories&post=104997"},{"taxonomy":"post_tag","embeddable":true,"href":"https:\/\/planetesport.dz\/index.php?rest_route=%2Fwp%2Fv2%2Ftags&post=104997"}],"curies":[{"name":"wp","href":"https:\/\/api.w.org\/{rel}","templated":true}]}}