{"id":103451,"date":"2025-04-29T05:41:03","date_gmt":"2025-04-29T05:41:03","guid":{"rendered":"https:\/\/planetesport.dz\/?p=103451"},"modified":"2025-04-29T05:41:03","modified_gmt":"2025-04-29T05:41:03","slug":"arsenal-ne-veut-pas-lacher-thomas-partey","status":"publish","type":"post","link":"https:\/\/planetesport.dz\/?p=103451","title":{"rendered":"Arsenal ne veut pas l\u00e2cher Thomas Partey"},"content":{"rendered":"<p><strong>Depuis quelques semaines, le nom du milieu de terrain Thomas Partey commence beaucoup \u00e0 circuler dans les rubriques transferts. Peut-on lire sur le site besoccer.com.<\/strong><\/p>\n<p>Sous contrat jusqu\u2019en juin prochain, il n\u2019est pas \u00e9tonnant de voir des rumeurs \u00e0 son sujet, mais qu\u2019en pense la direction d\u2019Arsenal ?<br \/>\nSi l\u2019on en croit le journaliste italien Nicolo Schira, relay\u00e9 par les-transferts.com, un d\u00e9part ne serait pas \u00e0 l\u2019ordre du jour pour l\u2019ancien joueur de l\u2019Atl\u00e9tico de Madrid. En effet, les G\u00fcnners aimeraient prolonger leur collaboration avec ce dernier jusqu\u2019en juin 2026, avec une saison en option. \u00c2g\u00e9 de 31 ans, il a disput\u00e9 47 rencontres toutes comp\u00e9titions confondues cette saison pour 4 buts inscrits et 3 passes d\u00e9cisives d\u00e9livr\u00e9es.<\/p>\n","protected":false},"excerpt":{"rendered":"<p>Depuis quelques semaines, le nom du milieu de terrain Thomas Partey commence beaucoup \u00e0 circuler dans les rubriques transferts. Peut-on lire sur le site besoccer.com. Sous contrat jusqu\u2019en juin prochain, il n\u2019est pas \u00e9tonnant de voir des rumeurs \u00e0 son sujet, mais qu\u2019en pense la direction d\u2019Arsenal ? Si l\u2019on en croit le journaliste italien &hellip;<\/p>\n","protected":false},"author":3,"featured_media":103502,"comment_status":"closed","ping_status":"closed","sticky":false,"template":"","format":"standard","meta":{"footnotes":""},"categories":[128],"tags":[],"class_list":["post-103451","post","type-post","status-publish","format-standard","has-post-thumbnail","hentry","category-football-etranger"],"_links":{"self":[{"href":"https:\/\/planetesport.dz\/index.php?rest_route=\/wp\/v2\/posts\/103451","targetHints":{"allow":["GET"]}}],"collection":[{"href":"https:\/\/planetesport.dz\/index.php?rest_route=\/wp\/v2\/posts"}],"about":[{"href":"https:\/\/planetesport.dz\/index.php?rest_route=\/wp\/v2\/types\/post"}],"author":[{"embeddable":true,"href":"https:\/\/planetesport.dz\/index.php?rest_route=\/wp\/v2\/users\/3"}],"replies":[{"embeddable":true,"href":"https:\/\/planetesport.dz\/index.php?rest_route=%2Fwp%2Fv2%2Fcomments&post=103451"}],"version-history":[{"count":1,"href":"https:\/\/planetesport.dz\/index.php?rest_route=\/wp\/v2\/posts\/103451\/revisions"}],"predecessor-version":[{"id":103559,"href":"https:\/\/planetesport.dz\/index.php?rest_route=\/wp\/v2\/posts\/103451\/revisions\/103559"}],"wp:featuredmedia":[{"embeddable":true,"href":"https:\/\/planetesport.dz\/index.php?rest_route=\/wp\/v2\/media\/103502"}],"wp:attachment":[{"href":"https:\/\/planetesport.dz\/index.php?rest_route=%2Fwp%2Fv2%2Fmedia&parent=103451"}],"wp:term":[{"taxonomy":"category","embeddable":true,"href":"https:\/\/planetesport.dz\/index.php?rest_route=%2Fwp%2Fv2%2Fcategories&post=103451"},{"taxonomy":"post_tag","embeddable":true,"href":"https:\/\/planetesport.dz\/index.php?rest_route=%2Fwp%2Fv2%2Ftags&post=103451"}],"curies":[{"name":"wp","href":"https:\/\/api.w.org\/{rel}","templated":true}]}}