{"id":9742,"date":"2023-02-06T21:00:09","date_gmt":"2023-02-06T21:00:09","guid":{"rendered":"https:\/\/planetesport.dz\/web\/?p=9742"},"modified":"2023-02-06T21:00:09","modified_gmt":"2023-02-06T21:00:09","slug":"f1-de-vries-innocente-concernant-un-financement-de-carriere","status":"publish","type":"post","link":"http:\/\/planetesport.dz\/?p=9742","title":{"rendered":"F1 : De Vries innocent\u00e9 concernant un financement de carri\u00e8re"},"content":{"rendered":"<p align=\"justify\"><span style=\"color: #000000\"><span style=\"font-family: Helvetica Neue, serif\"><span style=\"font-size: small\"><span style=\"font-family: Arial, serif\"><span style=\"font-size: medium\">Le pilote n\u00e9\u00e9rlandais <\/span><\/span><span style=\"font-family: Arial, serif\"><span style=\"font-size: medium\"><span lang=\"nl-NL\">Nyck de Vries a <\/span><\/span><\/span><span style=\"font-family: Arial, serif\"><span style=\"font-size: medium\">\u00e9t\u00e9 <\/span><\/span><span style=\"font-family: Arial, serif\"><span style=\"font-size: medium\"><span lang=\"it-IT\">innocent<\/span><\/span><\/span><span style=\"font-family: Arial, serif\"><span style=\"font-size: medium\">\u00e9 par un tribunal d\u2019Amsterdam dans le cadre d\u2019une plainte d\u00e9pos\u00e9e contre lui par le magnat de l\u2019immobilier Jeroen Schothorst concernant un pr\u00ea<\/span><\/span><span style=\"font-family: Arial, serif\"><span style=\"font-size: medium\"><span lang=\"pt-PT\">t de 250 000 euros.<\/span><\/span><\/span><span style=\"font-family: Arial, serif\"><span style=\"font-size: medium\"> L\u2019affaire concernait un pr\u00eat que l\u2019actuel pilote de Formule 1 AlphaTauri a contract\u00e9 en 2018 aupr<\/span><\/span><span style=\"font-family: Arial, serif\"><span style=\"font-size: medium\"><span lang=\"it-IT\">\u00e8<\/span><\/span><\/span><span style=\"font-family: Arial, serif\"><span style=\"font-size: medium\">s du fonds d\u2019investissement Investrand de Schothorst pour aider \u00e0 financer sa saison de F2 avec Prema Racing. Le N\u00e9erlandais avait eu besoin de r\u00e9unir un demi-million d\u2019euros pour cette saison et, avec l\u2019aide de sponsors comme Jumbo, il a r\u00e9ussi \u00e0 obtenir la moiti\u00e9 de cette somme. Pour l\u2019autre moiti\u00e9, il a emprunt\u00e9 \u00e0 Investrand. Schothorst a factur\u00e9 un taux d\u2019int\u00e9r\u00eat fixe de trois pour cent par an pour cet emprunt. Il a \u00e9galement \u00e9t\u00e9 convenu que Schothorst recevrait 50% de toutes les activit\u00e9s de de Vries en F1, ce qui est d\u00e9crit dans l\u2019accord comme un int\u00e9r\u00eat variable, et que le pr\u00eat serait annul\u00e9 s\u2019il n\u2019avait pas obtenu un si<\/span><\/span><span style=\"font-family: Arial, serif\"><span style=\"font-size: medium\"><span lang=\"it-IT\">\u00e8<\/span><\/span><\/span><span style=\"font-family: Arial, serif\"><span style=\"font-size: medium\">ge en F1 avant 2022. Comme de Vries n\u2019avait pas de contrat en tant que pilote de Formule 1 en 2022, il a eu l\u2019impression, \u00e0 la fin de l\u2019ann\u00e9e derni<\/span><\/span><span style=\"font-family: Arial, serif\"><span style=\"font-size: medium\"><span lang=\"it-IT\">\u00e8<\/span><\/span><\/span><span style=\"font-family: Arial, serif\"><span style=\"font-size: medium\">re, que le pr\u00eat avait \u00e9t\u00e9 <\/span><\/span><span style=\"font-family: Arial, serif\"><span style=\"font-size: medium\"><span lang=\"it-IT\">annul<\/span><\/span><\/span><span style=\"font-family: Arial, serif\"><span style=\"font-size: medium\">\u00e9, ce qui a mis fin \u00e0 l\u2019<\/span><\/span><span style=\"font-family: Arial, serif\"><span style=\"font-size: medium\"><span lang=\"it-IT\">accord.<\/span><\/span><\/span><span style=\"font-family: Arial, serif\"><span style=\"font-size: medium\"> Schothorst, cependant, \u00e9tait d\u2019avis que de Vries avait \u00e9t\u00e9 actif en Formule 1 l\u2019ann\u00e9e derni<\/span><\/span><span style=\"font-family: Arial, serif\"><span style=\"font-size: medium\"><span lang=\"it-IT\">\u00e8<\/span><\/span><\/span><span style=\"font-family: Arial, serif\"><span style=\"font-size: medium\">re, puisqu\u2019il avait couru pour l\u2019\u00e9quipe Williams \u00e0 Monza. Dans le jugement sommaire, le juge a donn\u00e9 raison \u00e0 de Vries sur ce point en d\u00e9clarant qu\u2019il n&rsquo;avait jamais eu de contrat de course officiel.<\/span><\/span><\/span><\/span><\/span><a name=\"_GoBack\"><\/a><\/p>\n","protected":false},"excerpt":{"rendered":"<p>Le pilote n\u00e9\u00e9rlandais Nyck de Vries a \u00e9t\u00e9 innocent\u00e9 par un tribunal d\u2019Amsterdam dans le cadre d\u2019une plainte d\u00e9pos\u00e9e contre lui par le magnat de l\u2019immobilier Jeroen Schothorst concernant un pr\u00eat de 250 000 euros. L\u2019affaire concernait un pr\u00eat que l\u2019actuel pilote de Formule 1 AlphaTauri a contract\u00e9 en 2018 aupr\u00e8s du fonds d\u2019investissement Investrand &hellip;<\/p>\n","protected":false},"author":3,"featured_media":9755,"comment_status":"open","ping_status":"open","sticky":false,"template":"","format":"standard","meta":{"footnotes":""},"categories":[129],"tags":[],"class_list":["post-9742","post","type-post","status-publish","format-standard","has-post-thumbnail","hentry","category-omnisport"],"_links":{"self":[{"href":"http:\/\/planetesport.dz\/index.php?rest_route=\/wp\/v2\/posts\/9742","targetHints":{"allow":["GET"]}}],"collection":[{"href":"http:\/\/planetesport.dz\/index.php?rest_route=\/wp\/v2\/posts"}],"about":[{"href":"http:\/\/planetesport.dz\/index.php?rest_route=\/wp\/v2\/types\/post"}],"author":[{"embeddable":true,"href":"http:\/\/planetesport.dz\/index.php?rest_route=\/wp\/v2\/users\/3"}],"replies":[{"embeddable":true,"href":"http:\/\/planetesport.dz\/index.php?rest_route=%2Fwp%2Fv2%2Fcomments&post=9742"}],"version-history":[{"count":2,"href":"http:\/\/planetesport.dz\/index.php?rest_route=\/wp\/v2\/posts\/9742\/revisions"}],"predecessor-version":[{"id":9759,"href":"http:\/\/planetesport.dz\/index.php?rest_route=\/wp\/v2\/posts\/9742\/revisions\/9759"}],"wp:featuredmedia":[{"embeddable":true,"href":"http:\/\/planetesport.dz\/index.php?rest_route=\/wp\/v2\/media\/9755"}],"wp:attachment":[{"href":"http:\/\/planetesport.dz\/index.php?rest_route=%2Fwp%2Fv2%2Fmedia&parent=9742"}],"wp:term":[{"taxonomy":"category","embeddable":true,"href":"http:\/\/planetesport.dz\/index.php?rest_route=%2Fwp%2Fv2%2Fcategories&post=9742"},{"taxonomy":"post_tag","embeddable":true,"href":"http:\/\/planetesport.dz\/index.php?rest_route=%2Fwp%2Fv2%2Ftags&post=9742"}],"curies":[{"name":"wp","href":"https:\/\/api.w.org\/{rel}","templated":true}]}}